{"id":1004,"date":"2010-07-12T19:20:58","date_gmt":"2010-07-12T17:20:58","guid":{"rendered":"http:\/\/www.millefeuille.eu\/?p=1004"},"modified":"2010-07-12T19:20:58","modified_gmt":"2010-07-12T17:20:58","slug":"schrage-vogel","status":"publish","type":"post","link":"https:\/\/www.millefeuille.eu\/?p=1004","title":{"rendered":"Schr\u00e4ge V\u00f6gel"},"content":{"rendered":"<p>Raben sind das Thema der Woche bei <a href=\"http:\/\/tmta.wordpress.com\/2010\/07\/12\/der-rabe\/\" target=\"_blank\">Think Monday &#8211; Think ATC<\/a> und dazu passt dieses ATC, das ich f\u00fcr den allj\u00e4hrlichen schwarz-wei\u00df-Swap bei Gibgummi gemacht habe. Farben sind bei diesem Swap nicht erlaubt, ausgenommen vielleicht &#8222;dunkelwei\u00df&#8220; und &#8222;hellschwarz&#8220;.<\/p>\n<p><img loading=\"lazy\" decoding=\"async\" class=\"aligncenter size-full wp-image-1005\" title=\"sw pokerface eier\" src=\"http:\/\/www.millefeuille.eu\/wp-content\/uploads\/2010\/07\/sw-pokerface-eier.jpg\" alt=\"sw pokerface eier\" width=\"440\" height=\"315\" srcset=\"https:\/\/www.millefeuille.eu\/millefeuille-blog\/wp-content\/uploads\/2010\/07\/sw-pokerface-eier.jpg 440w, https:\/\/www.millefeuille.eu\/millefeuille-blog\/wp-content\/uploads\/2010\/07\/sw-pokerface-eier-300x214.jpg 300w\" sizes=\"(max-width: 440px) 100vw, 440px\" \/><\/p>\n<p>&#8222;The Raven&#8220; is this week&#8217;s challenge at <a href=\"http:\/\/tmta.wordpress.com\/2010\/07\/12\/der-rabe\/\" target=\"_blank\">Think Monday &#8211; Think ATC<\/a>. I made this ATC just recently for the annual black-and-white-ATC-swap on the gibgummi-mailinglist. This swap is strictly no-colours, but &#8222;darkwhite&#8220; and &#8222;lightblack&#8220; are generally accepted.<\/p>\n","protected":false},"excerpt":{"rendered":"<p>Raben sind das Thema der Woche bei Think Monday &#8211; Think ATC und dazu passt dieses ATC, das ich f\u00fcr den allj\u00e4hrlichen schwarz-wei\u00df-Swap bei Gibgummi gemacht habe. Farben sind bei diesem Swap nicht erlaubt, ausgenommen vielleicht &#8222;dunkelwei\u00df&#8220; und &#8222;hellschwarz&#8220;. &#8222;The Raven&#8220; is this week&#8217;s challenge at Think Monday &#8211; Think ATC. I made this ATC [&hellip;]<\/p>\n","protected":false},"author":2,"featured_media":0,"comment_status":"open","ping_status":"open","sticky":false,"template":"","format":"standard","meta":{"footnotes":""},"categories":[6,8],"tags":[24,30],"class_list":["post-1004","post","type-post","status-publish","format-standard","hentry","category-challenges","category-stempel","tag-atc","tag-tmta"],"_links":{"self":[{"href":"https:\/\/www.millefeuille.eu\/index.php?rest_route=\/wp\/v2\/posts\/1004"}],"collection":[{"href":"https:\/\/www.millefeuille.eu\/index.php?rest_route=\/wp\/v2\/posts"}],"about":[{"href":"https:\/\/www.millefeuille.eu\/index.php?rest_route=\/wp\/v2\/types\/post"}],"author":[{"embeddable":true,"href":"https:\/\/www.millefeuille.eu\/index.php?rest_route=\/wp\/v2\/users\/2"}],"replies":[{"embeddable":true,"href":"https:\/\/www.millefeuille.eu\/index.php?rest_route=%2Fwp%2Fv2%2Fcomments&post=1004"}],"version-history":[{"count":4,"href":"https:\/\/www.millefeuille.eu\/index.php?rest_route=\/wp\/v2\/posts\/1004\/revisions"}],"predecessor-version":[{"id":1009,"href":"https:\/\/www.millefeuille.eu\/index.php?rest_route=\/wp\/v2\/posts\/1004\/revisions\/1009"}],"wp:attachment":[{"href":"https:\/\/www.millefeuille.eu\/index.php?rest_route=%2Fwp%2Fv2%2Fmedia&parent=1004"}],"wp:term":[{"taxonomy":"category","embeddable":true,"href":"https:\/\/www.millefeuille.eu\/index.php?rest_route=%2Fwp%2Fv2%2Fcategories&post=1004"},{"taxonomy":"post_tag","embeddable":true,"href":"https:\/\/www.millefeuille.eu\/index.php?rest_route=%2Fwp%2Fv2%2Ftags&post=1004"}],"curies":[{"name":"wp","href":"https:\/\/api.w.org\/{rel}","templated":true}]}}