{"id":1106,"date":"2010-08-31T18:52:41","date_gmt":"2010-08-31T16:52:41","guid":{"rendered":"http:\/\/www.millefeuille.eu\/?p=1106"},"modified":"2010-08-31T19:04:04","modified_gmt":"2010-08-31T17:04:04","slug":"ist-das-kunst-oder-kann-das-weg","status":"publish","type":"post","link":"https:\/\/www.millefeuille.eu\/?p=1106","title":{"rendered":"Ist das Kunst oder kann das weg?"},"content":{"rendered":"<p style=\"text-align: justify;\">Jetzt ist das Sommermedina schon wieder 10 Tage vorbei und ich habe noch gar nicht berichtet, tss!<\/p>\n<p style=\"text-align: justify;\">Aufgrund gewisser Verwirrung \u00fcber den Termin fand sich diesen Sommer eine arg dezimierte Stemplerschar in Einschlingen zusammen. Viele liebgewonnene Gesichter fehlten leider. Daf\u00fcr waren aber auch mal wieder ein paar Neulinge dabei, die hoffentlich wiederkommen und dann auch bald zu den liebgewonnenen Stammkunden z\u00e4hlen.<\/p>\n<p style=\"text-align: justify;\">\n<p style=\"text-align: justify;\">Dieses Mal wurden wieder Workshops angeboten: ein (riesiger) N\u00e4hkorb von Gummihuhn Sabine, eine ATC-Schachtel mit Lochfolienmuster von Heidi und <a href=\"http:\/\/www.millefeuille.eu\/?p=86\" target=\"_blank\">diese<\/a> Briefmarkenaufbewahrung von mir. Mein allererster Workshop &#8211; was war ich aufgeregt! Es war zum Gl\u00fcck nur eine kleine Runde von vier Teilnehmern und hat so einigerma\u00dfen geklappt. Und bei dieser Gelegenheit durfte ich dann auch mal <a href=\"http:\/\/stempelzeit.com\/\" target=\"_blank\">Ilonkas<\/a> enormes Arbeitstempo live erleben. Ich kam mir ein bisschen vor wie bei &#8222;Spaceballs&#8220;: <em>L\u00e4cherliche Geschwindigkeit! Wahnsinnige Geschwindigkeit! Wollen Sie sich nicht anschnallen, Lord Helmchen?<\/em> Ich habe mich ja schon lange gefragt, wie Ilonka das alles schafft: Job, Mann, 3 Kinder, SU-Demo und nahezu t\u00e4glich was Neues auf dem Blog. Jetzt wei\u00df ich&#8217;s.<\/p>\n<p style=\"text-align: justify;\">\n<p style=\"text-align: justify;\">In gem\u00e4chlicherem Tempo habe ich mich ausgiebig der Tischdekoration f\u00fcr ein Krimidinner gewidmet, das am letzten Wochenende bei uns zu Hause stattgefunden hat. F\u00fcr jeden der sieben Teilnehmer habe ich passend zu seiner Rolle ein Notizbuch gebastelt. Und dabei festgestellt, dass Basteln an sich (Papier zurechtschneiden, Bierdeckel bekleben&#8230;) mein Belohnungszentrum mal echt \u00fcberhaupt nicht anspricht. B\u00e4hhh! Das Dekorieren der B\u00fccher hat mir dagegen wieder sehr viel Spa\u00df gemacht, vor allem das Colorieren in verschiedenen Graut\u00f6nen fand ich richtig klasse.<\/p>\n<table border=\"0\">\n<tbody>\n<tr>\n<td><img loading=\"lazy\" decoding=\"async\" class=\"alignleft size-full wp-image-1119\" title=\"Lord George\" src=\"http:\/\/www.millefeuille.eu\/wp-content\/uploads\/2010\/08\/Lord-George1.JPG\" alt=\"Lord George\" width=\"140\" height=\"122\" \/><\/td>\n<td><img loading=\"lazy\" decoding=\"async\" class=\"alignleft size-full wp-image-1120\" title=\"Marle D\" src=\"http:\/\/www.millefeuille.eu\/wp-content\/uploads\/2010\/08\/Marle-D1.JPG\" alt=\"Marle D\" width=\"131\" height=\"124\" \/><\/td>\n<td><img loading=\"lazy\" decoding=\"async\" class=\"alignleft size-full wp-image-1121\" title=\"Gr\u00e4fin Zobel\" src=\"http:\/\/www.millefeuille.eu\/wp-content\/uploads\/2010\/08\/Gr\u00e4fin-Zobel1.JPG\" alt=\"Gr\u00e4fin Zobel\" width=\"140\" height=\"121\" \/><\/td>\n<\/tr>\n<\/tbody>\n<\/table>\n<p style=\"text-align: justify;\">.<\/p>\n<p style=\"text-align: justify;\">Es gab auch wieder einen ATC-Tausch vor Ort, diesmal mit dem Thema &#8222;Medina&#8220;. Leider kann ich die ATCs wieder nicht zeigen, dieses Mal weil sie f\u00fcr eine Ver\u00f6ffentlichung in der Just Stamps gedacht sind. Vielleicht k\u00f6nnen wir ja so noch mehr neue Teilnehmer anlocken.<\/p>\n<p style=\"text-align: justify;\">\n<p style=\"text-align: justify;\">Ein tolles anderes ATC kann ich euch aber zeigen, n\u00e4mlich dieses hier, das ich von Sonja geschenkt bekommen habe:<\/p>\n<p style=\"text-align: justify;\"><img loading=\"lazy\" decoding=\"async\" class=\"aligncenter size-full wp-image-1110\" title=\"ist das Kunst\" src=\"http:\/\/www.millefeuille.eu\/wp-content\/uploads\/2010\/08\/ist-das-Kunst.JPG\" alt=\"ist das Kunst\" width=\"440\" height=\"204\" srcset=\"https:\/\/www.millefeuille.eu\/millefeuille-blog\/wp-content\/uploads\/2010\/08\/ist-das-Kunst.JPG 440w, https:\/\/www.millefeuille.eu\/millefeuille-blog\/wp-content\/uploads\/2010\/08\/ist-das-Kunst-300x139.jpg 300w\" sizes=\"(max-width: 440px) 100vw, 440px\" \/><\/p>\n<p style=\"text-align: justify;\">Und das allertollste: den Stempel mit dem genialen Spruch hat sie mir auch noch geschenkt! *Knuuuutsch*<\/p>\n<p style=\"text-align: justify;\">Gemeinsam haben wir uns dann noch den Tim Holtz-Rosen versucht, auch ohne Grungepaper &#8211; der Preis schreckt mich immer noch. Ich finde, sie sind nicht schlecht geworden. Sonjas sahen noch ein bisschen &#8222;fleischiger&#8220; aus als meine. Und es hat auch nicht so lange gedauert, wie ich anfangs gedacht hatte.<\/p>\n<p style=\"text-align: justify;\"><img loading=\"lazy\" decoding=\"async\" class=\"aligncenter size-full wp-image-1111\" title=\"Rosen\" src=\"http:\/\/www.millefeuille.eu\/wp-content\/uploads\/2010\/08\/Rosen.JPG\" alt=\"Rosen\" width=\"440\" height=\"223\" srcset=\"https:\/\/www.millefeuille.eu\/millefeuille-blog\/wp-content\/uploads\/2010\/08\/Rosen.JPG 440w, https:\/\/www.millefeuille.eu\/millefeuille-blog\/wp-content\/uploads\/2010\/08\/Rosen-300x152.jpg 300w\" sizes=\"(max-width: 440px) 100vw, 440px\" \/><\/p>\n<p style=\"text-align: justify;\">\n<p style=\"text-align: justify;\">Der Besuch in Olderdissen musste f\u00fcr mich dieses Mal leider ausfallen, stattdessen habe ich einen Abstecher zu meinem Bruder gemacht, was vielleicht sogar noch ein bisschen sch\u00f6ner war. Aber wer braucht schon Schlaf, wenn Medina ist? Und wenn der Tag zu kurz war, nehmen wir einfach die Nacht hinzu. Und das f\u00fcr mich zum ersten Mal bei traumhaften Wetter auch noch im Freien. Nee, geschlafen habe ich schon im Bett, aber drau\u00dfen gesessen bis in die fr\u00fchen Morgenstunden und gewerkelt und geschnackt. Und dann war&#8217;s auch schon wieder vorbei&#8230; aber das n\u00e4chste Medina kommt bestimmt: im M\u00e4rz 2011.<\/p>\n<p style=\"text-align: justify;\">\n","protected":false},"excerpt":{"rendered":"<p>Jetzt ist das Sommermedina schon wieder 10 Tage vorbei und ich habe noch gar nicht berichtet, tss! Aufgrund gewisser Verwirrung \u00fcber den Termin fand sich diesen Sommer eine arg dezimierte Stemplerschar in Einschlingen zusammen. Viele liebgewonnene Gesichter fehlten leider. Daf\u00fcr waren aber auch mal wieder ein paar Neulinge dabei, die hoffentlich wiederkommen und dann auch [&hellip;]<\/p>\n","protected":false},"author":2,"featured_media":0,"comment_status":"open","ping_status":"open","sticky":false,"template":"","format":"standard","meta":{"footnotes":""},"categories":[8],"tags":[37,55],"class_list":["post-1106","post","type-post","status-publish","format-standard","hentry","category-stempel","tag-pilgerstatten","tag-shades-of-grey"],"_links":{"self":[{"href":"https:\/\/www.millefeuille.eu\/index.php?rest_route=\/wp\/v2\/posts\/1106"}],"collection":[{"href":"https:\/\/www.millefeuille.eu\/index.php?rest_route=\/wp\/v2\/posts"}],"about":[{"href":"https:\/\/www.millefeuille.eu\/index.php?rest_route=\/wp\/v2\/types\/post"}],"author":[{"embeddable":true,"href":"https:\/\/www.millefeuille.eu\/index.php?rest_route=\/wp\/v2\/users\/2"}],"replies":[{"embeddable":true,"href":"https:\/\/www.millefeuille.eu\/index.php?rest_route=%2Fwp%2Fv2%2Fcomments&post=1106"}],"version-history":[{"count":10,"href":"https:\/\/www.millefeuille.eu\/index.php?rest_route=\/wp\/v2\/posts\/1106\/revisions"}],"predecessor-version":[{"id":1118,"href":"https:\/\/www.millefeuille.eu\/index.php?rest_route=\/wp\/v2\/posts\/1106\/revisions\/1118"}],"wp:attachment":[{"href":"https:\/\/www.millefeuille.eu\/index.php?rest_route=%2Fwp%2Fv2%2Fmedia&parent=1106"}],"wp:term":[{"taxonomy":"category","embeddable":true,"href":"https:\/\/www.millefeuille.eu\/index.php?rest_route=%2Fwp%2Fv2%2Fcategories&post=1106"},{"taxonomy":"post_tag","embeddable":true,"href":"https:\/\/www.millefeuille.eu\/index.php?rest_route=%2Fwp%2Fv2%2Ftags&post=1106"}],"curies":[{"name":"wp","href":"https:\/\/api.w.org\/{rel}","templated":true}]}}