{"id":1370,"date":"2011-02-21T18:22:17","date_gmt":"2011-02-21T16:22:17","guid":{"rendered":"http:\/\/www.millefeuille.eu\/?p=1370"},"modified":"2011-02-21T18:22:17","modified_gmt":"2011-02-21T16:22:17","slug":"aux-champs-elysees","status":"publish","type":"post","link":"https:\/\/www.millefeuille.eu\/?p=1370","title":{"rendered":"Aux Champs Elys\u00e9es"},"content":{"rendered":"<p style=\"text-align: justify;\">Fahrr\u00e4der sind das Thema der Woche bei <a href=\"http:\/\/tmta.wordpress.com\/2011\/02\/21\/i-love-my-bicycle\/\" target=\"_blank\">Think Monday &#8211; Think ATC<\/a>. Und da fiel mir nat\u00fcrlich gleich die ber\u00fchmteste Fahrradtour der Welt ein &#8211; nicht dass meinem Kenntnisstand zufolge schonmal jemand in <em>diesem<\/em> Outfit teilgenommen h\u00e4tte&#8230;<\/p>\n<p style=\"text-align: justify;\"><img loading=\"lazy\" decoding=\"async\" class=\"aligncenter size-full wp-image-1371\" title=\"aux champs elysees\" src=\"http:\/\/www.millefeuille.eu\/millefeuille-blog\/wp-content\/uploads\/2011\/02\/aux-champs-elysees.jpg\" alt=\"aux champs elysees\" width=\"440\" height=\"608\" srcset=\"https:\/\/www.millefeuille.eu\/millefeuille-blog\/wp-content\/uploads\/2011\/02\/aux-champs-elysees.jpg 440w, https:\/\/www.millefeuille.eu\/millefeuille-blog\/wp-content\/uploads\/2011\/02\/aux-champs-elysees-217x300.jpg 217w\" sizes=\"(max-width: 440px) 100vw, 440px\" \/><\/p>\n<p>Bycicles are this week&#8217;s subject at <a href=\"http:\/\/tmta.wordpress.com\/2011\/02\/21\/i-love-my-bicycle\/\" target=\"_blank\">Think Monday &#8211; Think ATC<\/a>. Of course I had to think of the world&#8217;s most famous bycicle-race instantaneously. Although I don&#8217;t think anybody has participated in <em>such<\/em> an outfit yet&#8230;<\/p>\n","protected":false},"excerpt":{"rendered":"<p>Fahrr\u00e4der sind das Thema der Woche bei Think Monday &#8211; Think ATC. Und da fiel mir nat\u00fcrlich gleich die ber\u00fchmteste Fahrradtour der Welt ein &#8211; nicht dass meinem Kenntnisstand zufolge schonmal jemand in diesem Outfit teilgenommen h\u00e4tte&#8230; Bycicles are this week&#8217;s subject at Think Monday &#8211; Think ATC. Of course I had to think of [&hellip;]<\/p>\n","protected":false},"author":2,"featured_media":0,"comment_status":"open","ping_status":"open","sticky":false,"template":"","format":"standard","meta":{"footnotes":""},"categories":[6,8],"tags":[24,30],"class_list":["post-1370","post","type-post","status-publish","format-standard","hentry","category-challenges","category-stempel","tag-atc","tag-tmta"],"_links":{"self":[{"href":"https:\/\/www.millefeuille.eu\/index.php?rest_route=\/wp\/v2\/posts\/1370"}],"collection":[{"href":"https:\/\/www.millefeuille.eu\/index.php?rest_route=\/wp\/v2\/posts"}],"about":[{"href":"https:\/\/www.millefeuille.eu\/index.php?rest_route=\/wp\/v2\/types\/post"}],"author":[{"embeddable":true,"href":"https:\/\/www.millefeuille.eu\/index.php?rest_route=\/wp\/v2\/users\/2"}],"replies":[{"embeddable":true,"href":"https:\/\/www.millefeuille.eu\/index.php?rest_route=%2Fwp%2Fv2%2Fcomments&post=1370"}],"version-history":[{"count":3,"href":"https:\/\/www.millefeuille.eu\/index.php?rest_route=\/wp\/v2\/posts\/1370\/revisions"}],"predecessor-version":[{"id":1380,"href":"https:\/\/www.millefeuille.eu\/index.php?rest_route=\/wp\/v2\/posts\/1370\/revisions\/1380"}],"wp:attachment":[{"href":"https:\/\/www.millefeuille.eu\/index.php?rest_route=%2Fwp%2Fv2%2Fmedia&parent=1370"}],"wp:term":[{"taxonomy":"category","embeddable":true,"href":"https:\/\/www.millefeuille.eu\/index.php?rest_route=%2Fwp%2Fv2%2Fcategories&post=1370"},{"taxonomy":"post_tag","embeddable":true,"href":"https:\/\/www.millefeuille.eu\/index.php?rest_route=%2Fwp%2Fv2%2Ftags&post=1370"}],"curies":[{"name":"wp","href":"https:\/\/api.w.org\/{rel}","templated":true}]}}