{"id":1746,"date":"2012-01-30T20:26:20","date_gmt":"2012-01-30T18:26:20","guid":{"rendered":"http:\/\/www.millefeuille.eu\/?p=1746"},"modified":"2012-01-30T20:26:20","modified_gmt":"2012-01-30T18:26:20","slug":"the-queen","status":"publish","type":"post","link":"https:\/\/www.millefeuille.eu\/?p=1746","title":{"rendered":"The Queen."},"content":{"rendered":"<p style=\"text-align: justify;\">K\u00f6nigliches ist diese Woche bei <a href=\"http:\/\/takeaword.blogspot.com\/2012\/01\/take-word-challenge-regal.html\" target=\"_blank\">Take a Word<\/a> gefragt. Und eines hat uns Lizzy wohl klar gemacht: es braucht mehr als eine Krone um eine K\u00f6nigin zu sein. Alle K\u00f6niginnen sind in &#8222;moo&#8220;-Gr\u00f6\u00dfe (2,8 x 7,1 cm).<\/p>\n<p style=\"text-align: justify;\"><img loading=\"lazy\" decoding=\"async\" class=\"aligncenter size-full wp-image-1747\" title=\"Adel verpflichtet\" src=\"http:\/\/www.millefeuille.eu\/millefeuille-blog\/wp-content\/uploads\/2012\/01\/Adel-verpflichtet.jpg\" alt=\"Adel verpflichtet\" width=\"440\" height=\"363\" srcset=\"https:\/\/www.millefeuille.eu\/millefeuille-blog\/wp-content\/uploads\/2012\/01\/Adel-verpflichtet.jpg 440w, https:\/\/www.millefeuille.eu\/millefeuille-blog\/wp-content\/uploads\/2012\/01\/Adel-verpflichtet-300x247.jpg 300w\" sizes=\"(max-width: 440px) 100vw, 440px\" \/><\/p>\n<p style=\"text-align: justify;\">&#8222;Regal&#8220; is this week&#8217;s challenge at <a href=\"http:\/\/takeaword.blogspot.com\/2012\/01\/take-word-challenge-regal.html\" target=\"_blank\">Take a Word<\/a>. And Lizzy surely has made one point: it&#8217;s not the crown that makes the queen. All queens are moo-sized. The text translates &#8222;noblesse oblige&#8220; &#8211; which sort of isn&#8217;t a translation, because it&#8217;s french, but I&#8217;m sure you understand this one.<\/p>\n","protected":false},"excerpt":{"rendered":"<p>K\u00f6nigliches ist diese Woche bei Take a Word gefragt. Und eines hat uns Lizzy wohl klar gemacht: es braucht mehr als eine Krone um eine K\u00f6nigin zu sein. Alle K\u00f6niginnen sind in &#8222;moo&#8220;-Gr\u00f6\u00dfe (2,8 x 7,1 cm). &#8222;Regal&#8220; is this week&#8217;s challenge at Take a Word. And Lizzy surely has made one point: it&#8217;s not [&hellip;]<\/p>\n","protected":false},"author":2,"featured_media":0,"comment_status":"open","ping_status":"open","sticky":false,"template":"","format":"standard","meta":{"footnotes":""},"categories":[6,8],"tags":[71,59],"class_list":["post-1746","post","type-post","status-publish","format-standard","hentry","category-challenges","category-stempel","tag-moo","tag-take-a-word"],"_links":{"self":[{"href":"https:\/\/www.millefeuille.eu\/index.php?rest_route=\/wp\/v2\/posts\/1746"}],"collection":[{"href":"https:\/\/www.millefeuille.eu\/index.php?rest_route=\/wp\/v2\/posts"}],"about":[{"href":"https:\/\/www.millefeuille.eu\/index.php?rest_route=\/wp\/v2\/types\/post"}],"author":[{"embeddable":true,"href":"https:\/\/www.millefeuille.eu\/index.php?rest_route=\/wp\/v2\/users\/2"}],"replies":[{"embeddable":true,"href":"https:\/\/www.millefeuille.eu\/index.php?rest_route=%2Fwp%2Fv2%2Fcomments&post=1746"}],"version-history":[{"count":2,"href":"https:\/\/www.millefeuille.eu\/index.php?rest_route=\/wp\/v2\/posts\/1746\/revisions"}],"predecessor-version":[{"id":1749,"href":"https:\/\/www.millefeuille.eu\/index.php?rest_route=\/wp\/v2\/posts\/1746\/revisions\/1749"}],"wp:attachment":[{"href":"https:\/\/www.millefeuille.eu\/index.php?rest_route=%2Fwp%2Fv2%2Fmedia&parent=1746"}],"wp:term":[{"taxonomy":"category","embeddable":true,"href":"https:\/\/www.millefeuille.eu\/index.php?rest_route=%2Fwp%2Fv2%2Fcategories&post=1746"},{"taxonomy":"post_tag","embeddable":true,"href":"https:\/\/www.millefeuille.eu\/index.php?rest_route=%2Fwp%2Fv2%2Ftags&post=1746"}],"curies":[{"name":"wp","href":"https:\/\/api.w.org\/{rel}","templated":true}]}}