{"id":2076,"date":"2013-03-05T22:25:18","date_gmt":"2013-03-05T20:25:18","guid":{"rendered":"http:\/\/www.millefeuille.eu\/?p=2076"},"modified":"2013-03-05T22:25:18","modified_gmt":"2013-03-05T20:25:18","slug":"medina-nachlese","status":"publish","type":"post","link":"https:\/\/www.millefeuille.eu\/?p=2076","title":{"rendered":"Medina-Nachlese"},"content":{"rendered":"<p style=\"text-align: justify;\">Und schon wieder ist die Zeit nur so an mir vorbeigerauscht\u2026.<\/p>\n<p style=\"text-align: justify;\">Vom 21.-24. Februar fand in Bielefeld wieder das Medina statt. Ein ganzes Wochenende im Zeichen des Stempelns!<\/p>\n<p style=\"text-align: justify;\">Ich  hatte am Donnerstag frei und konnte so sch\u00f6n fr\u00fch in <a href=\"http:\/\/www.einschlingen.de\/\" target=\"_blank\">Einschlingen<\/a> eintrudeln, meinen Platz in Beschlag nehmen und gleich einen Blick in  die Verkaufskisten der anderen werfen.<\/p>\n<p style=\"text-align: justify;\">Leider  war ich nicht superfit (ich sag blo\u00df \u201eGrippewelle\u201c) und so habe ich  nicht ganz so viel geschafft, wie ich mir f\u00fcr das Wochenende eigentlich  vorgenommen hatte. Insbesondere der Spaziergang nach Olderdissen zum  Tierpark ist leider ausgefallen, aber der h\u00e4tte im Dauerschneetreiben  vermutlich ohnehin nicht viel Spa\u00df gemacht.<\/p>\n<p style=\"text-align: justify;\">Haupts\u00e4chlich  habe ich mich damit besch\u00e4ftigt, das wundersch\u00f6ne Kuh-Buch von Hermine  endlich mit Leben zu f\u00fcllen. Das Buch hat sieben Taschen und f\u00fcr jede  habe ich ein Kuh-Tag gestempelt. Alles, passend zum Buch, in  schwarz-wei\u00df, ein klein bisschen rosa und dem Farbton des Cardstocks,  den ich auch sehr mag. Merle war so lieb und hat mich gro\u00dfz\u00fcgig mit  zus\u00e4tzlichen K\u00fchen versorgt. Leider hatte ich die Tags zu diesem  Zeitpunkt schon fertig, so dass die Extrak\u00fche anderswo Verwendung finden  m\u00fcssen. Aber da bin ich zuversichtlich!<\/p>\n<p style=\"text-align: justify;\"><img loading=\"lazy\" decoding=\"async\" class=\"aligncenter size-full wp-image-2077\" title=\"Medina - K\u00fche\" src=\"http:\/\/www.millefeuille.eu\/millefeuille-blog\/wp-content\/uploads\/2013\/03\/Medina-K\u00fche.jpg\" alt=\"Medina - K\u00fche\" width=\"440\" height=\"383\" srcset=\"https:\/\/www.millefeuille.eu\/millefeuille-blog\/wp-content\/uploads\/2013\/03\/Medina-K\u00fche.jpg 440w, https:\/\/www.millefeuille.eu\/millefeuille-blog\/wp-content\/uploads\/2013\/03\/Medina-K\u00fche-300x261.jpg 300w\" sizes=\"(max-width: 440px) 100vw, 440px\" \/><\/p>\n<p style=\"text-align: justify;\">Zwei  Workshops gab es auch. Sonja hat gezeigt, wie man in Nullkommanix aus  einem 12-Zoll-Papierbogen ein kleines B\u00fcchlein faltet, in das 8 ATCs  reinpassen. Und ihr h\u00e4ttet mal ihr wundersch\u00f6nes Musterexemplar sehen  m\u00fcssen! Und Gummihuhn Bine (die Frau ist ja so unendlich kreativ!) hat  einen Workshop im Szenestempeln gegeben &#8211; den ich allerdings komplett  verpasst habe, da ich mich zu diesem Zeitpunkt gerade mit meiner  Mini-N\u00e4hmaschine herumgeschlagen habe. Ein Flohmarktkauf f\u00fcr 2 Euro oder  so, vielleicht sollte ich einfach endlich mal lernen, dass sowas meist  nichts taugt! Grummel. Mit viel tatkr\u00e4ftiger Unterst\u00fctzung kam das Ding  aber irgendwann ans Laufen, blo\u00df war der Jeansstoff, den ich verarbeiten  wollte, f\u00fcr das Minimaschinchen hoffnungslos zu dick. Doppelgrummel. Da  ist wohl mal wieder Handarbeit angesagt. Dieses Projekt wird daher noch  eine ganze Weile in Anspruch nehmen.<\/p>\n<p style=\"text-align: justify;\">Und  nat\u00fcrlich wurde stundenlang gequatscht. Das Lagerfeuer samt Gl\u00fchwein  habe ich Grippenachwirkungsbedingt ja leider verpasst&#8230; Und wir haben  unsere Fotos vom D\u00e4nemark-Urlaub im letzten Oktober getauscht. Und  Gelegenheit zum Einkaufen gab es nat\u00fcrlich auch. Und, und, und\u2026. Und es  gab auch wieder viel tolle Medina-Post, guckt mal:<\/p>\n<p style=\"text-align: justify;\"><img loading=\"lazy\" decoding=\"async\" class=\"aligncenter size-full wp-image-2078\" title=\"Medinapost\" src=\"http:\/\/www.millefeuille.eu\/millefeuille-blog\/wp-content\/uploads\/2013\/03\/Medinapost.jpg\" alt=\"Medinapost\" width=\"440\" height=\"236\" srcset=\"https:\/\/www.millefeuille.eu\/millefeuille-blog\/wp-content\/uploads\/2013\/03\/Medinapost.jpg 440w, https:\/\/www.millefeuille.eu\/millefeuille-blog\/wp-content\/uploads\/2013\/03\/Medinapost-300x160.jpg 300w\" sizes=\"(max-width: 440px) 100vw, 440px\" \/><\/p>\n<p style=\"text-align: justify;\">Ist  das Tag von Dorit mit den Seemannsbr\u00e4uten nicht v\u00f6llig genial? Auf der  R\u00fcckseite steht \u201eMS Medina \u2013 Bordration\u201c und eine kleine Tafel  Schokolade hing auch mit dran.<\/p>\n<p style=\"text-align: justify;\">Nee, war sch\u00f6n mit euch! Machen wir bald wieder.<\/p>\n","protected":false},"excerpt":{"rendered":"<p>Und schon wieder ist die Zeit nur so an mir vorbeigerauscht\u2026. Vom 21.-24. Februar fand in Bielefeld wieder das Medina statt. Ein ganzes Wochenende im Zeichen des Stempelns! Ich hatte am Donnerstag frei und konnte so sch\u00f6n fr\u00fch in Einschlingen eintrudeln, meinen Platz in Beschlag nehmen und gleich einen Blick in die Verkaufskisten der anderen [&hellip;]<\/p>\n","protected":false},"author":2,"featured_media":0,"comment_status":"open","ping_status":"open","sticky":false,"template":"","format":"standard","meta":{"footnotes":""},"categories":[38,8],"tags":[37],"class_list":["post-2076","post","type-post","status-publish","format-standard","hentry","category-geschichten-ohne-pointe","category-stempel","tag-pilgerstatten"],"_links":{"self":[{"href":"https:\/\/www.millefeuille.eu\/index.php?rest_route=\/wp\/v2\/posts\/2076"}],"collection":[{"href":"https:\/\/www.millefeuille.eu\/index.php?rest_route=\/wp\/v2\/posts"}],"about":[{"href":"https:\/\/www.millefeuille.eu\/index.php?rest_route=\/wp\/v2\/types\/post"}],"author":[{"embeddable":true,"href":"https:\/\/www.millefeuille.eu\/index.php?rest_route=\/wp\/v2\/users\/2"}],"replies":[{"embeddable":true,"href":"https:\/\/www.millefeuille.eu\/index.php?rest_route=%2Fwp%2Fv2%2Fcomments&post=2076"}],"version-history":[{"count":2,"href":"https:\/\/www.millefeuille.eu\/index.php?rest_route=\/wp\/v2\/posts\/2076\/revisions"}],"predecessor-version":[{"id":2080,"href":"https:\/\/www.millefeuille.eu\/index.php?rest_route=\/wp\/v2\/posts\/2076\/revisions\/2080"}],"wp:attachment":[{"href":"https:\/\/www.millefeuille.eu\/index.php?rest_route=%2Fwp%2Fv2%2Fmedia&parent=2076"}],"wp:term":[{"taxonomy":"category","embeddable":true,"href":"https:\/\/www.millefeuille.eu\/index.php?rest_route=%2Fwp%2Fv2%2Fcategories&post=2076"},{"taxonomy":"post_tag","embeddable":true,"href":"https:\/\/www.millefeuille.eu\/index.php?rest_route=%2Fwp%2Fv2%2Ftags&post=2076"}],"curies":[{"name":"wp","href":"https:\/\/api.w.org\/{rel}","templated":true}]}}