{"id":2402,"date":"2013-08-01T19:21:53","date_gmt":"2013-08-01T17:21:53","guid":{"rendered":"http:\/\/www.millefeuille.eu\/?p=2402"},"modified":"2013-08-01T19:21:53","modified_gmt":"2013-08-01T17:21:53","slug":"blutezeit","status":"publish","type":"post","link":"https:\/\/www.millefeuille.eu\/?p=2402","title":{"rendered":"Bl\u00fctezeit"},"content":{"rendered":"<p style=\"text-align: justify;\">Blumen sind diese Woche bei Manuelas <a href=\"http:\/\/manus-mikrokosmos.blogspot.de\/2013\/08\/mifoc-august-woche-1-blume.html\" target=\"_blank\">MiFoC<\/a> gefragt. Eine meiner absoluten Lieblingsblumen ist Mohn. Schade, dass er sich so schlecht pfl\u00fccken l\u00e4sst &#8211; aber vielleicht ist es auch gerade das, was diese Bl\u00fcten so besonders macht. Echte Freigeister eben, die lassen sich nicht in eine Vase sperren.<\/p>\n<p style=\"text-align: justify;\"><a href=\"http:\/\/www.millefeuille.eu\/millefeuille-blog\/wp-content\/uploads\/2013\/08\/Klatschmohn.jpg\"><img loading=\"lazy\" decoding=\"async\" class=\"aligncenter size-full wp-image-2403\" alt=\"Klatschmohn\" src=\"http:\/\/www.millefeuille.eu\/millefeuille-blog\/wp-content\/uploads\/2013\/08\/Klatschmohn.jpg\" width=\"440\" height=\"440\" srcset=\"https:\/\/www.millefeuille.eu\/millefeuille-blog\/wp-content\/uploads\/2013\/08\/Klatschmohn.jpg 440w, https:\/\/www.millefeuille.eu\/millefeuille-blog\/wp-content\/uploads\/2013\/08\/Klatschmohn-300x300.jpg 300w\" sizes=\"(max-width: 440px) 100vw, 440px\" \/><\/a><\/p>\n","protected":false},"excerpt":{"rendered":"<p>Blumen sind diese Woche bei Manuelas MiFoC gefragt. Eine meiner absoluten Lieblingsblumen ist Mohn. Schade, dass er sich so schlecht pfl\u00fccken l\u00e4sst &#8211; aber vielleicht ist es auch gerade das, was diese Bl\u00fcten so besonders macht. Echte Freigeister eben, die lassen sich nicht in eine Vase sperren.<\/p>\n","protected":false},"author":2,"featured_media":0,"comment_status":"open","ping_status":"open","sticky":false,"template":"","format":"standard","meta":{"footnotes":""},"categories":[6,47],"tags":[79],"class_list":["post-2402","post","type-post","status-publish","format-standard","hentry","category-challenges","category-meineobskurekamera","tag-mifoc"],"_links":{"self":[{"href":"https:\/\/www.millefeuille.eu\/index.php?rest_route=\/wp\/v2\/posts\/2402"}],"collection":[{"href":"https:\/\/www.millefeuille.eu\/index.php?rest_route=\/wp\/v2\/posts"}],"about":[{"href":"https:\/\/www.millefeuille.eu\/index.php?rest_route=\/wp\/v2\/types\/post"}],"author":[{"embeddable":true,"href":"https:\/\/www.millefeuille.eu\/index.php?rest_route=\/wp\/v2\/users\/2"}],"replies":[{"embeddable":true,"href":"https:\/\/www.millefeuille.eu\/index.php?rest_route=%2Fwp%2Fv2%2Fcomments&post=2402"}],"version-history":[{"count":2,"href":"https:\/\/www.millefeuille.eu\/index.php?rest_route=\/wp\/v2\/posts\/2402\/revisions"}],"predecessor-version":[{"id":2405,"href":"https:\/\/www.millefeuille.eu\/index.php?rest_route=\/wp\/v2\/posts\/2402\/revisions\/2405"}],"wp:attachment":[{"href":"https:\/\/www.millefeuille.eu\/index.php?rest_route=%2Fwp%2Fv2%2Fmedia&parent=2402"}],"wp:term":[{"taxonomy":"category","embeddable":true,"href":"https:\/\/www.millefeuille.eu\/index.php?rest_route=%2Fwp%2Fv2%2Fcategories&post=2402"},{"taxonomy":"post_tag","embeddable":true,"href":"https:\/\/www.millefeuille.eu\/index.php?rest_route=%2Fwp%2Fv2%2Ftags&post=2402"}],"curies":[{"name":"wp","href":"https:\/\/api.w.org\/{rel}","templated":true}]}}