{"id":2624,"date":"2013-12-14T13:37:39","date_gmt":"2013-12-14T11:37:39","guid":{"rendered":"http:\/\/www.millefeuille.eu\/?p=2624"},"modified":"2013-12-14T13:37:39","modified_gmt":"2013-12-14T11:37:39","slug":"termin-beim-chef","status":"publish","type":"post","link":"https:\/\/www.millefeuille.eu\/?p=2624","title":{"rendered":"Termin beim Chef"},"content":{"rendered":"<p style=\"text-align: justify;\">Ziemlich genau 18 Jahre nach bestandenem Examen zog es mich k\u00fcrzlich zum ersten Mal wieder in die heiligsten Hallen.<\/p>\n<p style=\"text-align: justify;\"><a href=\"http:\/\/www.millefeuille.eu\/millefeuille-blog\/wp-content\/uploads\/2013\/12\/Ausstellung-JM-1-der-Ort-des-Geschehens-Kopie.jpg\"><img loading=\"lazy\" decoding=\"async\" class=\"aligncenter size-full wp-image-2616\" alt=\"Ausstellung JM 1 - der Ort des Geschehens - Kopie\" src=\"http:\/\/www.millefeuille.eu\/millefeuille-blog\/wp-content\/uploads\/2013\/12\/Ausstellung-JM-1-der-Ort-des-Geschehens-Kopie.jpg\" width=\"440\" height=\"679\" srcset=\"https:\/\/www.millefeuille.eu\/millefeuille-blog\/wp-content\/uploads\/2013\/12\/Ausstellung-JM-1-der-Ort-des-Geschehens-Kopie.jpg 440w, https:\/\/www.millefeuille.eu\/millefeuille-blog\/wp-content\/uploads\/2013\/12\/Ausstellung-JM-1-der-Ort-des-Geschehens-Kopie-285x440.jpg 285w, https:\/\/www.millefeuille.eu\/millefeuille-blog\/wp-content\/uploads\/2013\/12\/Ausstellung-JM-1-der-Ort-des-Geschehens-Kopie-194x300.jpg 194w\" sizes=\"(max-width: 440px) 100vw, 440px\" \/><\/a><\/p>\n<p style=\"text-align: justify;\">Im D\u00fcsseldorfer Ministerium findet unter dem Motto &#8222;von euch &#8211; f\u00fcr euch&#8220; gerade eine Ausstellung mit Kunst von Justizangeh\u00f6rigen (und f\u00fcr ebensolche) statt, die unser oberster Chef am 04. Dezember feierlich er\u00f6ffnet hat. So ganz sicher war ich mir ja erstmal nicht, ob ich als Stempler wirklich \u00a0in die Kategorie K\u00fcnstler geh\u00f6ren darf. Aber dann dachte ich &#8222;was soll&#8217;s&#8220; und habe mich beworben. Und nun bin ich also dabei und nehme zum allerersten Mal an einer Ausstellung teil. Ihr k\u00f6nnt euch nicht vorstellen, wie aufregend das f\u00fcr mich ist! (Ehrlich gesagt, haben sie &#8211; glaube ich &#8211; einfach alle angenommen, die sich gemeldet haben. Aber f\u00fcr mich ist es trotzdem total aufregend.)<\/p>\n<p style=\"text-align: justify;\">Musik und lecker H\u00e4ppchen gab es zur feierlichen Er\u00f6ffnung nat\u00fcrlich auch. Einen tollen S\u00e4nger hatten sie in unseren Reihen aufgetan, der St\u00fccke von Elvis bis Elton John geboten hat. Und die H\u00e4ppchen kamen &#8211; logisch &#8211; aus der Knastk\u00fcche:<\/p>\n<p style=\"text-align: justify;\"><a href=\"http:\/\/www.millefeuille.eu\/millefeuille-blog\/wp-content\/uploads\/2013\/12\/Ausstellung-JM-2b-lecker-Kopie.jpg\"><img loading=\"lazy\" decoding=\"async\" class=\"aligncenter size-full wp-image-2617\" alt=\"Ausstellung JM 2b - lecker - Kopie\" src=\"http:\/\/www.millefeuille.eu\/millefeuille-blog\/wp-content\/uploads\/2013\/12\/Ausstellung-JM-2b-lecker-Kopie.jpg\" width=\"440\" height=\"319\" srcset=\"https:\/\/www.millefeuille.eu\/millefeuille-blog\/wp-content\/uploads\/2013\/12\/Ausstellung-JM-2b-lecker-Kopie.jpg 440w, https:\/\/www.millefeuille.eu\/millefeuille-blog\/wp-content\/uploads\/2013\/12\/Ausstellung-JM-2b-lecker-Kopie-300x217.jpg 300w\" sizes=\"(max-width: 440px) 100vw, 440px\" \/><\/a><\/p>\n<p style=\"text-align: justify;\">Mein pers\u00f6nliches Highlight der Ausstellung war dieses Bild, das ich liebend gerne sofort mitgenommen h\u00e4tte. Leider ist es unverk\u00e4uflich, der Ehefrieden des K\u00fcnstlers h\u00e4ngt davon ab. Tja, ich kann es seiner Frau nicht ver\u00fcbeln, dass sie sich davon nicht trennen mag. Seufz.<\/p>\n<p style=\"text-align: justify;\"><a href=\"http:\/\/www.millefeuille.eu\/millefeuille-blog\/wp-content\/uploads\/2013\/12\/Ausstellung-JM-3-Big-Bang-leider-unverk\u00e4uflich-Kopie.jpg\"><img loading=\"lazy\" decoding=\"async\" class=\"aligncenter size-full wp-image-2618\" alt=\"Ausstellung JM 3 - Big Bang, leider unverk\u00e4uflich - Kopie\" src=\"http:\/\/www.millefeuille.eu\/millefeuille-blog\/wp-content\/uploads\/2013\/12\/Ausstellung-JM-3-Big-Bang-leider-unverk\u00e4uflich-Kopie.jpg\" width=\"440\" height=\"602\" srcset=\"https:\/\/www.millefeuille.eu\/millefeuille-blog\/wp-content\/uploads\/2013\/12\/Ausstellung-JM-3-Big-Bang-leider-unverk\u00e4uflich-Kopie.jpg 440w, https:\/\/www.millefeuille.eu\/millefeuille-blog\/wp-content\/uploads\/2013\/12\/Ausstellung-JM-3-Big-Bang-leider-unverk\u00e4uflich-Kopie-321x440.jpg 321w, https:\/\/www.millefeuille.eu\/millefeuille-blog\/wp-content\/uploads\/2013\/12\/Ausstellung-JM-3-Big-Bang-leider-unverk\u00e4uflich-Kopie-219x300.jpg 219w\" sizes=\"(max-width: 440px) 100vw, 440px\" \/><\/a><\/p>\n<p style=\"text-align: justify;\">Hier ein kleiner Blick auf meine Werke:<\/p>\n<p style=\"text-align: justify;\"><a href=\"http:\/\/www.millefeuille.eu\/millefeuille-blog\/wp-content\/uploads\/2013\/12\/Ausstellung-JM-4-mein-Eck-an-der-Wand.jpg\"><img loading=\"lazy\" decoding=\"async\" class=\"aligncenter size-full wp-image-2619\" alt=\"Ausstellung JM 4 - mein Eck an der Wand\" src=\"http:\/\/www.millefeuille.eu\/millefeuille-blog\/wp-content\/uploads\/2013\/12\/Ausstellung-JM-4-mein-Eck-an-der-Wand.jpg\" width=\"440\" height=\"533\" srcset=\"https:\/\/www.millefeuille.eu\/millefeuille-blog\/wp-content\/uploads\/2013\/12\/Ausstellung-JM-4-mein-Eck-an-der-Wand.jpg 440w, https:\/\/www.millefeuille.eu\/millefeuille-blog\/wp-content\/uploads\/2013\/12\/Ausstellung-JM-4-mein-Eck-an-der-Wand-363x440.jpg 363w, https:\/\/www.millefeuille.eu\/millefeuille-blog\/wp-content\/uploads\/2013\/12\/Ausstellung-JM-4-mein-Eck-an-der-Wand-247x300.jpg 247w\" sizes=\"(max-width: 440px) 100vw, 440px\" \/><\/a><\/p>\n<p style=\"text-align: justify;\">\n<p style=\"text-align: justify;\"><a href=\"http:\/\/www.millefeuille.eu\/millefeuille-blog\/wp-content\/uploads\/2013\/12\/Ausstellung-JM-5-mein-Eck-auf-dem-Tisch.jpg\"><img loading=\"lazy\" decoding=\"async\" class=\"aligncenter size-full wp-image-2620\" alt=\"Ausstellung JM 5 - mein Eck auf dem Tisch\" src=\"http:\/\/www.millefeuille.eu\/millefeuille-blog\/wp-content\/uploads\/2013\/12\/Ausstellung-JM-5-mein-Eck-auf-dem-Tisch.jpg\" width=\"440\" height=\"430\" srcset=\"https:\/\/www.millefeuille.eu\/millefeuille-blog\/wp-content\/uploads\/2013\/12\/Ausstellung-JM-5-mein-Eck-auf-dem-Tisch.jpg 440w, https:\/\/www.millefeuille.eu\/millefeuille-blog\/wp-content\/uploads\/2013\/12\/Ausstellung-JM-5-mein-Eck-auf-dem-Tisch-300x293.jpg 300w\" sizes=\"(max-width: 440px) 100vw, 440px\" \/><\/a><\/p>\n<p style=\"text-align: justify;\">Und noch ein paar weitere Eindr\u00fccke von der sehr abwechslungsreichen Ausstellung:<\/p>\n<p style=\"text-align: justify;\"><a href=\"http:\/\/www.millefeuille.eu\/millefeuille-blog\/wp-content\/uploads\/2013\/12\/Ausstellung-JM-6-Impressionen.jpg\"><img loading=\"lazy\" decoding=\"async\" class=\"aligncenter size-full wp-image-2621\" alt=\"Ausstellung JM 6 - Impressionen\" src=\"http:\/\/www.millefeuille.eu\/millefeuille-blog\/wp-content\/uploads\/2013\/12\/Ausstellung-JM-6-Impressionen.jpg\" width=\"440\" height=\"343\" srcset=\"https:\/\/www.millefeuille.eu\/millefeuille-blog\/wp-content\/uploads\/2013\/12\/Ausstellung-JM-6-Impressionen.jpg 440w, https:\/\/www.millefeuille.eu\/millefeuille-blog\/wp-content\/uploads\/2013\/12\/Ausstellung-JM-6-Impressionen-300x233.jpg 300w\" sizes=\"(max-width: 440px) 100vw, 440px\" \/><\/a><\/p>\n<p style=\"text-align: justify;\"><a href=\"http:\/\/www.millefeuille.eu\/millefeuille-blog\/wp-content\/uploads\/2013\/12\/Ausstellung-JM-9-Impressionen.jpg\"><img loading=\"lazy\" decoding=\"async\" class=\"aligncenter size-full wp-image-2622\" alt=\"Ausstellung JM 9 - Impressionen\" src=\"http:\/\/www.millefeuille.eu\/millefeuille-blog\/wp-content\/uploads\/2013\/12\/Ausstellung-JM-9-Impressionen.jpg\" width=\"440\" height=\"838\" srcset=\"https:\/\/www.millefeuille.eu\/millefeuille-blog\/wp-content\/uploads\/2013\/12\/Ausstellung-JM-9-Impressionen.jpg 440w, https:\/\/www.millefeuille.eu\/millefeuille-blog\/wp-content\/uploads\/2013\/12\/Ausstellung-JM-9-Impressionen-231x440.jpg 231w, https:\/\/www.millefeuille.eu\/millefeuille-blog\/wp-content\/uploads\/2013\/12\/Ausstellung-JM-9-Impressionen-157x300.jpg 157w\" sizes=\"(max-width: 440px) 100vw, 440px\" \/><\/a><\/p>\n<p style=\"text-align: justify;\"><a href=\"http:\/\/www.millefeuille.eu\/millefeuille-blog\/wp-content\/uploads\/2013\/12\/Ausstellung-JM-10-Impressionen-Detail.jpg\"><img loading=\"lazy\" decoding=\"async\" class=\"aligncenter size-full wp-image-2623\" alt=\"Ausstellung JM 10 - Impressionen Detail\" src=\"http:\/\/www.millefeuille.eu\/millefeuille-blog\/wp-content\/uploads\/2013\/12\/Ausstellung-JM-10-Impressionen-Detail.jpg\" width=\"440\" height=\"781\" srcset=\"https:\/\/www.millefeuille.eu\/millefeuille-blog\/wp-content\/uploads\/2013\/12\/Ausstellung-JM-10-Impressionen-Detail.jpg 440w, https:\/\/www.millefeuille.eu\/millefeuille-blog\/wp-content\/uploads\/2013\/12\/Ausstellung-JM-10-Impressionen-Detail-169x300.jpg 169w\" sizes=\"(max-width: 440px) 100vw, 440px\" \/><\/a><\/p>\n","protected":false},"excerpt":{"rendered":"<p>Ziemlich genau 18 Jahre nach bestandenem Examen zog es mich k\u00fcrzlich zum ersten Mal wieder in die heiligsten Hallen. Im D\u00fcsseldorfer Ministerium findet unter dem Motto &#8222;von euch &#8211; f\u00fcr euch&#8220; gerade eine Ausstellung mit Kunst von Justizangeh\u00f6rigen (und f\u00fcr ebensolche) statt, die unser oberster Chef am 04. Dezember feierlich er\u00f6ffnet hat. So ganz sicher [&hellip;]<\/p>\n","protected":false},"author":2,"featured_media":0,"comment_status":"open","ping_status":"open","sticky":false,"template":"","format":"standard","meta":{"footnotes":""},"categories":[62,21,38,8],"tags":[],"class_list":["post-2624","post","type-post","status-publish","format-standard","hentry","category-buchbindereien","category-die-schonen-kunste","category-geschichten-ohne-pointe","category-stempel"],"_links":{"self":[{"href":"https:\/\/www.millefeuille.eu\/index.php?rest_route=\/wp\/v2\/posts\/2624"}],"collection":[{"href":"https:\/\/www.millefeuille.eu\/index.php?rest_route=\/wp\/v2\/posts"}],"about":[{"href":"https:\/\/www.millefeuille.eu\/index.php?rest_route=\/wp\/v2\/types\/post"}],"author":[{"embeddable":true,"href":"https:\/\/www.millefeuille.eu\/index.php?rest_route=\/wp\/v2\/users\/2"}],"replies":[{"embeddable":true,"href":"https:\/\/www.millefeuille.eu\/index.php?rest_route=%2Fwp%2Fv2%2Fcomments&post=2624"}],"version-history":[{"count":2,"href":"https:\/\/www.millefeuille.eu\/index.php?rest_route=\/wp\/v2\/posts\/2624\/revisions"}],"predecessor-version":[{"id":2626,"href":"https:\/\/www.millefeuille.eu\/index.php?rest_route=\/wp\/v2\/posts\/2624\/revisions\/2626"}],"wp:attachment":[{"href":"https:\/\/www.millefeuille.eu\/index.php?rest_route=%2Fwp%2Fv2%2Fmedia&parent=2624"}],"wp:term":[{"taxonomy":"category","embeddable":true,"href":"https:\/\/www.millefeuille.eu\/index.php?rest_route=%2Fwp%2Fv2%2Fcategories&post=2624"},{"taxonomy":"post_tag","embeddable":true,"href":"https:\/\/www.millefeuille.eu\/index.php?rest_route=%2Fwp%2Fv2%2Ftags&post=2624"}],"curies":[{"name":"wp","href":"https:\/\/api.w.org\/{rel}","templated":true}]}}