{"id":2691,"date":"2014-01-29T07:23:43","date_gmt":"2014-01-29T05:23:43","guid":{"rendered":"http:\/\/www.millefeuille.eu\/?p=2691"},"modified":"2014-01-29T07:23:43","modified_gmt":"2014-01-29T05:23:43","slug":"ein-jahr-ein-wort","status":"publish","type":"post","link":"https:\/\/www.millefeuille.eu\/?p=2691","title":{"rendered":"Ein Jahr &#8211; ein Wort"},"content":{"rendered":"<p style=\"text-align: justify;\">Ein Wort hat Manuela sich diese Woche bei <a href=\"http:\/\/manus-mikrokosmos.blogspot.de\/2014\/01\/mifoc-januar-woche-4-ein-wort.html\" target=\"_blank\">MiFoC<\/a> gew\u00fcnscht. Sie selber stellt sich schon zum wiederholten Mal ein Wort als Motto f\u00fcr ein ganzes Jahr. Im letzten Jahr habe ich das auch gemacht und mein Wort war eben dieses hier: jetzt. Es sollte mich daran erinnern, dass ich gegenw\u00e4rtiger sein wollte, mich auf den Augenblick konzentrieren und nicht immer in Gedanken schon Stunden oder Tage weiter sein oder der Vergangenheit nachh\u00e4ngen. Aber es war auch ein jetzt wie in &#8222;jetzt oder nie&#8220;, das mich ermuntern sollte, Chancen zu nutzen. Immerhin, letzteres hat ganz gut funktioniert. Ersteres&#8230; erfordert noch eine Menge Arbeit.<\/p>\n<p style=\"text-align: justify;\"><a href=\"http:\/\/www.millefeuille.eu\/millefeuille-blog\/wp-content\/uploads\/2014\/01\/MiFoC-ein-Wort-Detail.jpg\"><img loading=\"lazy\" decoding=\"async\" class=\"aligncenter size-full wp-image-2693\" alt=\"MiFoC - ein Wort - Detail\" src=\"http:\/\/www.millefeuille.eu\/millefeuille-blog\/wp-content\/uploads\/2014\/01\/MiFoC-ein-Wort-Detail.jpg\" width=\"440\" height=\"229\" srcset=\"https:\/\/www.millefeuille.eu\/millefeuille-blog\/wp-content\/uploads\/2014\/01\/MiFoC-ein-Wort-Detail.jpg 440w, https:\/\/www.millefeuille.eu\/millefeuille-blog\/wp-content\/uploads\/2014\/01\/MiFoC-ein-Wort-Detail-300x156.jpg 300w\" sizes=\"(max-width: 440px) 100vw, 440px\" \/><\/a><\/p>\n<p style=\"text-align: justify;\">Der schlecht zu lesende Untertitel lautet: If opportunity doesn&#8217;t knock&#8230; build a door! Ich muss aber zugeben, dass ich soweit dann doch nicht gegangen bin. Allerdings war das im letzten Jahr auch nicht wirklich notwendig.<\/p>\n<p style=\"text-align: justify;\">Ich fand, dass dieses Wort perfekt zu einem Kalender passt. Und weil ich das Bild auf meinem B\u00fcrokalender sowieso bl\u00f6d fand, habe ich es eben ersetzt.<\/p>\n<p style=\"text-align: justify;\"><a href=\"http:\/\/www.millefeuille.eu\/millefeuille-blog\/wp-content\/uploads\/2014\/01\/MiFoC-ein-Wort.jpg\"><img loading=\"lazy\" decoding=\"async\" class=\"aligncenter size-full wp-image-2694\" alt=\"MiFoC - ein Wort\" src=\"http:\/\/www.millefeuille.eu\/millefeuille-blog\/wp-content\/uploads\/2014\/01\/MiFoC-ein-Wort.jpg\" width=\"440\" height=\"553\" srcset=\"https:\/\/www.millefeuille.eu\/millefeuille-blog\/wp-content\/uploads\/2014\/01\/MiFoC-ein-Wort.jpg 440w, https:\/\/www.millefeuille.eu\/millefeuille-blog\/wp-content\/uploads\/2014\/01\/MiFoC-ein-Wort-350x440.jpg 350w, https:\/\/www.millefeuille.eu\/millefeuille-blog\/wp-content\/uploads\/2014\/01\/MiFoC-ein-Wort-238x300.jpg 238w\" sizes=\"(max-width: 440px) 100vw, 440px\" \/><\/a><\/p>\n<p style=\"text-align: justify;\">Es ist eine komische Sache mit diesen W\u00f6rtern. Eigentlich ist es weniger so gewesen, dass ich dieses Wort f\u00fcr mich ausgesucht habe, sondern es hat mich f\u00f6rmlich angesprungen und einfach nicht mehr losgelassen. F\u00fcr dieses Jahr ringe ich noch immer um ein Wort. Ich habe eine Idee, in welche Richtung es gehen soll, aber ich schaffe es einfach nicht, diese Richtung in ein einziges Wort zu fassen. (Ob das bedeutet, dass ich in der falschen Richtung unterwegs bin?)<\/p>\n","protected":false},"excerpt":{"rendered":"<p>Ein Wort hat Manuela sich diese Woche bei MiFoC gew\u00fcnscht. Sie selber stellt sich schon zum wiederholten Mal ein Wort als Motto f\u00fcr ein ganzes Jahr. Im letzten Jahr habe ich das auch gemacht und mein Wort war eben dieses hier: jetzt. Es sollte mich daran erinnern, dass ich gegenw\u00e4rtiger sein wollte, mich auf den [&hellip;]<\/p>\n","protected":false},"author":2,"featured_media":0,"comment_status":"open","ping_status":"open","sticky":false,"template":"","format":"standard","meta":{"footnotes":""},"categories":[6,38,47,8],"tags":[79],"class_list":["post-2691","post","type-post","status-publish","format-standard","hentry","category-challenges","category-geschichten-ohne-pointe","category-meineobskurekamera","category-stempel","tag-mifoc"],"_links":{"self":[{"href":"https:\/\/www.millefeuille.eu\/index.php?rest_route=\/wp\/v2\/posts\/2691"}],"collection":[{"href":"https:\/\/www.millefeuille.eu\/index.php?rest_route=\/wp\/v2\/posts"}],"about":[{"href":"https:\/\/www.millefeuille.eu\/index.php?rest_route=\/wp\/v2\/types\/post"}],"author":[{"embeddable":true,"href":"https:\/\/www.millefeuille.eu\/index.php?rest_route=\/wp\/v2\/users\/2"}],"replies":[{"embeddable":true,"href":"https:\/\/www.millefeuille.eu\/index.php?rest_route=%2Fwp%2Fv2%2Fcomments&post=2691"}],"version-history":[{"count":2,"href":"https:\/\/www.millefeuille.eu\/index.php?rest_route=\/wp\/v2\/posts\/2691\/revisions"}],"predecessor-version":[{"id":2695,"href":"https:\/\/www.millefeuille.eu\/index.php?rest_route=\/wp\/v2\/posts\/2691\/revisions\/2695"}],"wp:attachment":[{"href":"https:\/\/www.millefeuille.eu\/index.php?rest_route=%2Fwp%2Fv2%2Fmedia&parent=2691"}],"wp:term":[{"taxonomy":"category","embeddable":true,"href":"https:\/\/www.millefeuille.eu\/index.php?rest_route=%2Fwp%2Fv2%2Fcategories&post=2691"},{"taxonomy":"post_tag","embeddable":true,"href":"https:\/\/www.millefeuille.eu\/index.php?rest_route=%2Fwp%2Fv2%2Ftags&post=2691"}],"curies":[{"name":"wp","href":"https:\/\/api.w.org\/{rel}","templated":true}]}}