{"id":3025,"date":"2014-07-14T20:01:33","date_gmt":"2014-07-14T18:01:33","guid":{"rendered":"http:\/\/www.millefeuille.eu\/?p=3025"},"modified":"2014-07-14T20:01:33","modified_gmt":"2014-07-14T18:01:33","slug":"im-garten","status":"publish","type":"post","link":"https:\/\/www.millefeuille.eu\/?p=3025","title":{"rendered":"Im Garten"},"content":{"rendered":"<p style=\"text-align: justify;\">&#8230;waren wir am Samstag bei einem Freund, der zur &#8222;offenen Gartenpforte&#8220; eingeladen hatte. Da musste ich nat\u00fcrlich wenigstens ein paar Fotos f\u00fcr Manuelas <a href=\"http:\/\/manus-mikrokosmos.blogspot.de\/2014\/07\/mifoc-juli-woche-2-im-garten.html\" target=\"_blank\">MiFoC<\/a> Challenge machen. Der Garten ist einfach ein Traum. Gar nicht sooo gro\u00df aber er quillt einfach \u00fcber vor Pflanzen, wundervollen Ideen und lauschigen Pl\u00e4tzchen. Und er ist so geschickt in f\u00fcnf &#8222;Zimmer&#8220; aufgegliedert, dass man von keiner Stelle den gesamten Garten erfassen kann.<\/p>\n<p style=\"text-align: center;\"><a href=\"http:\/\/www.millefeuille.eu\/millefeuille-blog\/wp-content\/uploads\/2014\/07\/im-Garten-1.jpg\"><img loading=\"lazy\" decoding=\"async\" class=\"aligncenter size-full wp-image-3015\" alt=\"im Garten 1\" src=\"http:\/\/www.millefeuille.eu\/millefeuille-blog\/wp-content\/uploads\/2014\/07\/im-Garten-1.jpg\" width=\"440\" height=\"413\" srcset=\"https:\/\/www.millefeuille.eu\/millefeuille-blog\/wp-content\/uploads\/2014\/07\/im-Garten-1.jpg 440w, https:\/\/www.millefeuille.eu\/millefeuille-blog\/wp-content\/uploads\/2014\/07\/im-Garten-1-300x281.jpg 300w\" sizes=\"(max-width: 440px) 100vw, 440px\" \/><\/a><\/p>\n<p style=\"text-align: center;\"><a href=\"http:\/\/www.millefeuille.eu\/millefeuille-blog\/wp-content\/uploads\/2014\/07\/im-Garten-2.jpg\"><img loading=\"lazy\" decoding=\"async\" class=\"aligncenter size-full wp-image-3016\" alt=\"im Garten 2\" src=\"http:\/\/www.millefeuille.eu\/millefeuille-blog\/wp-content\/uploads\/2014\/07\/im-Garten-2.jpg\" width=\"440\" height=\"248\" srcset=\"https:\/\/www.millefeuille.eu\/millefeuille-blog\/wp-content\/uploads\/2014\/07\/im-Garten-2.jpg 440w, https:\/\/www.millefeuille.eu\/millefeuille-blog\/wp-content\/uploads\/2014\/07\/im-Garten-2-300x169.jpg 300w\" sizes=\"(max-width: 440px) 100vw, 440px\" \/><\/a><\/p>\n<p style=\"text-align: justify;\">Last saturday we went to visit a friend&#8217;s garden that he had opened to the public for that day. Of course I had to take some pictures for Manuelas current <a href=\"http:\/\/manus-mikrokosmos.blogspot.de\/2014\/07\/mifoc-juli-woche-2-im-garten.html\" target=\"_blank\">MiFoC<\/a> challenge. The garden is a dream. Not that big actually but bursting with plants, wonderful ideas and cozy places. And it is so cleverly devided into five &#8222;rooms&#8220; that from no point you can actually see the whole of it.<\/p>\n","protected":false},"excerpt":{"rendered":"<p>&#8230;waren wir am Samstag bei einem Freund, der zur &#8222;offenen Gartenpforte&#8220; eingeladen hatte. Da musste ich nat\u00fcrlich wenigstens ein paar Fotos f\u00fcr Manuelas MiFoC Challenge machen. Der Garten ist einfach ein Traum. Gar nicht sooo gro\u00df aber er quillt einfach \u00fcber vor Pflanzen, wundervollen Ideen und lauschigen Pl\u00e4tzchen. Und er ist so geschickt in f\u00fcnf [&hellip;]<\/p>\n","protected":false},"author":2,"featured_media":0,"comment_status":"open","ping_status":"closed","sticky":false,"template":"","format":"standard","meta":{"footnotes":""},"categories":[6,47],"tags":[79],"class_list":["post-3025","post","type-post","status-publish","format-standard","hentry","category-challenges","category-meineobskurekamera","tag-mifoc"],"_links":{"self":[{"href":"https:\/\/www.millefeuille.eu\/index.php?rest_route=\/wp\/v2\/posts\/3025"}],"collection":[{"href":"https:\/\/www.millefeuille.eu\/index.php?rest_route=\/wp\/v2\/posts"}],"about":[{"href":"https:\/\/www.millefeuille.eu\/index.php?rest_route=\/wp\/v2\/types\/post"}],"author":[{"embeddable":true,"href":"https:\/\/www.millefeuille.eu\/index.php?rest_route=\/wp\/v2\/users\/2"}],"replies":[{"embeddable":true,"href":"https:\/\/www.millefeuille.eu\/index.php?rest_route=%2Fwp%2Fv2%2Fcomments&post=3025"}],"version-history":[{"count":1,"href":"https:\/\/www.millefeuille.eu\/index.php?rest_route=\/wp\/v2\/posts\/3025\/revisions"}],"predecessor-version":[{"id":3026,"href":"https:\/\/www.millefeuille.eu\/index.php?rest_route=\/wp\/v2\/posts\/3025\/revisions\/3026"}],"wp:attachment":[{"href":"https:\/\/www.millefeuille.eu\/index.php?rest_route=%2Fwp%2Fv2%2Fmedia&parent=3025"}],"wp:term":[{"taxonomy":"category","embeddable":true,"href":"https:\/\/www.millefeuille.eu\/index.php?rest_route=%2Fwp%2Fv2%2Fcategories&post=3025"},{"taxonomy":"post_tag","embeddable":true,"href":"https:\/\/www.millefeuille.eu\/index.php?rest_route=%2Fwp%2Fv2%2Ftags&post=3025"}],"curies":[{"name":"wp","href":"https:\/\/api.w.org\/{rel}","templated":true}]}}