{"id":3055,"date":"2014-08-14T18:20:10","date_gmt":"2014-08-14T16:20:10","guid":{"rendered":"http:\/\/www.millefeuille.eu\/?p=3055"},"modified":"2014-08-14T18:20:10","modified_gmt":"2014-08-14T16:20:10","slug":"sommer","status":"publish","type":"post","link":"https:\/\/www.millefeuille.eu\/?p=3055","title":{"rendered":"Sommer?"},"content":{"rendered":"<p style=\"text-align: justify;\">Sommerliches m\u00f6chte Manuela bei <a href=\"http:\/\/manus-mikrokosmos.blogspot.de\/2014\/08\/mifoc-august-woche-2-sommer.html\" target=\"_blank\">MiFoC<\/a> gerade von uns sehen. Im Sommer ist dieser kleine Kerl bei uns im Dauereinsatz: er sorgt daf\u00fcr, dass die Balkont\u00fcr offen bleibt und wenigstens ein bisschen frische Luft ins Dachgeschoss kommt. Diese Woche hat er allerdings endlich mal wieder Pause.<\/p>\n<p style=\"text-align: center;\"><a href=\"http:\/\/www.millefeuille.eu\/millefeuille-blog\/wp-content\/uploads\/2014\/08\/MiFoC-Sommer.jpg\"><img loading=\"lazy\" decoding=\"async\" class=\"aligncenter size-full wp-image-3052\" alt=\"MiFoC Sommer\" src=\"http:\/\/www.millefeuille.eu\/millefeuille-blog\/wp-content\/uploads\/2014\/08\/MiFoC-Sommer.jpg\" width=\"440\" height=\"633\" srcset=\"https:\/\/www.millefeuille.eu\/millefeuille-blog\/wp-content\/uploads\/2014\/08\/MiFoC-Sommer.jpg 440w, https:\/\/www.millefeuille.eu\/millefeuille-blog\/wp-content\/uploads\/2014\/08\/MiFoC-Sommer-305x440.jpg 305w, https:\/\/www.millefeuille.eu\/millefeuille-blog\/wp-content\/uploads\/2014\/08\/MiFoC-Sommer-208x300.jpg 208w\" sizes=\"(max-width: 440px) 100vw, 440px\" \/><\/a><\/p>\n<p style=\"text-align: justify;\">Manuela has asked us for summer motives at <a href=\"http:\/\/manus-mikrokosmos.blogspot.de\/2014\/08\/mifoc-august-woche-2-sommer.html\" target=\"_blank\">MiFoC<\/a> this week. And in summer this little fellow is permanently busy keeping the balcony door open for at least a little fresh air into our attic flat. This week he has finally been allowed to take a little break.<\/p>\n","protected":false},"excerpt":{"rendered":"<p>Sommerliches m\u00f6chte Manuela bei MiFoC gerade von uns sehen. Im Sommer ist dieser kleine Kerl bei uns im Dauereinsatz: er sorgt daf\u00fcr, dass die Balkont\u00fcr offen bleibt und wenigstens ein bisschen frische Luft ins Dachgeschoss kommt. Diese Woche hat er allerdings endlich mal wieder Pause. Manuela has asked us for summer motives at MiFoC this [&hellip;]<\/p>\n","protected":false},"author":2,"featured_media":0,"comment_status":"open","ping_status":"closed","sticky":false,"template":"","format":"standard","meta":{"footnotes":""},"categories":[6,38,47],"tags":[79],"class_list":["post-3055","post","type-post","status-publish","format-standard","hentry","category-challenges","category-geschichten-ohne-pointe","category-meineobskurekamera","tag-mifoc"],"_links":{"self":[{"href":"https:\/\/www.millefeuille.eu\/index.php?rest_route=\/wp\/v2\/posts\/3055"}],"collection":[{"href":"https:\/\/www.millefeuille.eu\/index.php?rest_route=\/wp\/v2\/posts"}],"about":[{"href":"https:\/\/www.millefeuille.eu\/index.php?rest_route=\/wp\/v2\/types\/post"}],"author":[{"embeddable":true,"href":"https:\/\/www.millefeuille.eu\/index.php?rest_route=\/wp\/v2\/users\/2"}],"replies":[{"embeddable":true,"href":"https:\/\/www.millefeuille.eu\/index.php?rest_route=%2Fwp%2Fv2%2Fcomments&post=3055"}],"version-history":[{"count":1,"href":"https:\/\/www.millefeuille.eu\/index.php?rest_route=\/wp\/v2\/posts\/3055\/revisions"}],"predecessor-version":[{"id":3056,"href":"https:\/\/www.millefeuille.eu\/index.php?rest_route=\/wp\/v2\/posts\/3055\/revisions\/3056"}],"wp:attachment":[{"href":"https:\/\/www.millefeuille.eu\/index.php?rest_route=%2Fwp%2Fv2%2Fmedia&parent=3055"}],"wp:term":[{"taxonomy":"category","embeddable":true,"href":"https:\/\/www.millefeuille.eu\/index.php?rest_route=%2Fwp%2Fv2%2Fcategories&post=3055"},{"taxonomy":"post_tag","embeddable":true,"href":"https:\/\/www.millefeuille.eu\/index.php?rest_route=%2Fwp%2Fv2%2Ftags&post=3055"}],"curies":[{"name":"wp","href":"https:\/\/api.w.org\/{rel}","templated":true}]}}