{"id":4258,"date":"2018-01-16T11:00:40","date_gmt":"2018-01-16T09:00:40","guid":{"rendered":"http:\/\/www.millefeuille.eu\/?p=4258"},"modified":"2018-01-16T18:22:45","modified_gmt":"2018-01-16T16:22:45","slug":"kalenderkunst-ein-selbstversuch","status":"publish","type":"post","link":"https:\/\/www.millefeuille.eu\/?p=4258","title":{"rendered":"Kalenderkunst &#8211; ein Selbstversuch"},"content":{"rendered":"<p>Kennt ihr sowas auch? Ich meine, jedes Jahr kaufe ich einen Terminkalender f\u00fcr&#8217;s Wohnzimmer. Immer einen Fotokalender zum Selbstgestalten. Jedes Jahr nehme ich mir vor, dass da Karten von mir drauf sollen. Hab ich noch <em>nie<\/em> geschafft. In guten Jahren habe ich tats\u00e4chlich ein paar Fotos aufgeklebt aber oft genug sind die Kalender auch komplett undekoriert geblieben.<\/p>\n<p>Und dann bewundere ich seit Jahren <a href=\"http:\/\/ulkau.blogspot.de\/\">Ulrikes<\/a> kunstvolle Kalenderbilder. Und denke mir, dass ich das zumindest auch mal versuchen k\u00f6nnte. (Auch wenn ich mir ihrem k\u00fcnstlerischen Niveau nie nicht werde mithalten k\u00f6nnen &#8211; aber Hauptsache es macht Spa\u00df, oder?) Und dieses Jahr will ich den Versuch endlich wagen! Hier mein Werk f\u00fcr den Januar &#8211; mit Sternennacht (sollte eigentlich ein Feuerwerk werden), Hochzeit und Theater (Hamlet &#8211; daher der Totensch\u00e4del).<\/p>\n<p><img loading=\"lazy\" decoding=\"async\" class=\"aligncenter size-thumbnail wp-image-4244\" src=\"http:\/\/www.millefeuille.eu\/millefeuille-blog\/wp-content\/uploads\/2018\/01\/Kalender-01-Januar-440x440.jpg\" alt=\"\" width=\"440\" height=\"440\" srcset=\"https:\/\/www.millefeuille.eu\/millefeuille-blog\/wp-content\/uploads\/2018\/01\/Kalender-01-Januar-440x440.jpg 440w, https:\/\/www.millefeuille.eu\/millefeuille-blog\/wp-content\/uploads\/2018\/01\/Kalender-01-Januar-300x300.jpg 300w, https:\/\/www.millefeuille.eu\/millefeuille-blog\/wp-content\/uploads\/2018\/01\/Kalender-01-Januar-768x766.jpg 768w, https:\/\/www.millefeuille.eu\/millefeuille-blog\/wp-content\/uploads\/2018\/01\/Kalender-01-Januar-1024x1021.jpg 1024w, https:\/\/www.millefeuille.eu\/millefeuille-blog\/wp-content\/uploads\/2018\/01\/Kalender-01-Januar.jpg 1320w\" sizes=\"(max-width: 440px) 100vw, 440px\" \/><\/p>\n<p style=\"text-align: center;\"><img loading=\"lazy\" decoding=\"async\" class=\"aligncenter size-thumbnail wp-image-4243\" src=\"http:\/\/www.millefeuille.eu\/millefeuille-blog\/wp-content\/uploads\/2018\/01\/Kalender-01-Detail-2-440x361.jpg\" alt=\"\" width=\"440\" height=\"361\" srcset=\"https:\/\/www.millefeuille.eu\/millefeuille-blog\/wp-content\/uploads\/2018\/01\/Kalender-01-Detail-2-440x361.jpg 440w, https:\/\/www.millefeuille.eu\/millefeuille-blog\/wp-content\/uploads\/2018\/01\/Kalender-01-Detail-2-300x246.jpg 300w, https:\/\/www.millefeuille.eu\/millefeuille-blog\/wp-content\/uploads\/2018\/01\/Kalender-01-Detail-2-768x630.jpg 768w, https:\/\/www.millefeuille.eu\/millefeuille-blog\/wp-content\/uploads\/2018\/01\/Kalender-01-Detail-2-1024x839.jpg 1024w, https:\/\/www.millefeuille.eu\/millefeuille-blog\/wp-content\/uploads\/2018\/01\/Kalender-01-Detail-2.jpg 1320w\" sizes=\"(max-width: 440px) 100vw, 440px\" \/><\/p>\n<p style=\"text-align: center;\"><img loading=\"lazy\" decoding=\"async\" class=\"aligncenter size-thumbnail wp-image-4242\" src=\"http:\/\/www.millefeuille.eu\/millefeuille-blog\/wp-content\/uploads\/2018\/01\/Kalender-01-Detail-1-297x440.jpg\" alt=\"\" width=\"297\" height=\"440\" srcset=\"https:\/\/www.millefeuille.eu\/millefeuille-blog\/wp-content\/uploads\/2018\/01\/Kalender-01-Detail-1-297x440.jpg 297w, https:\/\/www.millefeuille.eu\/millefeuille-blog\/wp-content\/uploads\/2018\/01\/Kalender-01-Detail-1-203x300.jpg 203w, https:\/\/www.millefeuille.eu\/millefeuille-blog\/wp-content\/uploads\/2018\/01\/Kalender-01-Detail-1-768x1137.jpg 768w, https:\/\/www.millefeuille.eu\/millefeuille-blog\/wp-content\/uploads\/2018\/01\/Kalender-01-Detail-1-691x1024.jpg 691w, https:\/\/www.millefeuille.eu\/millefeuille-blog\/wp-content\/uploads\/2018\/01\/Kalender-01-Detail-1.jpg 1320w\" sizes=\"(max-width: 297px) 100vw, 297px\" \/><\/p>\n<p style=\"text-align: center;\"><img loading=\"lazy\" decoding=\"async\" class=\"aligncenter size-thumbnail wp-image-4261\" src=\"http:\/\/www.millefeuille.eu\/millefeuille-blog\/wp-content\/uploads\/2018\/01\/Kalender-01-Material-440x330.jpg\" alt=\"\" width=\"440\" height=\"330\" srcset=\"https:\/\/www.millefeuille.eu\/millefeuille-blog\/wp-content\/uploads\/2018\/01\/Kalender-01-Material-440x330.jpg 440w, https:\/\/www.millefeuille.eu\/millefeuille-blog\/wp-content\/uploads\/2018\/01\/Kalender-01-Material-300x225.jpg 300w, https:\/\/www.millefeuille.eu\/millefeuille-blog\/wp-content\/uploads\/2018\/01\/Kalender-01-Material-768x576.jpg 768w, https:\/\/www.millefeuille.eu\/millefeuille-blog\/wp-content\/uploads\/2018\/01\/Kalender-01-Material-1024x768.jpg 1024w, https:\/\/www.millefeuille.eu\/millefeuille-blog\/wp-content\/uploads\/2018\/01\/Kalender-01-Material.jpg 1320w\" sizes=\"(max-width: 440px) 100vw, 440px\" \/><\/p>\n<p>&nbsp;<\/p>\n<p>Every year I buy a calender for the living room that contains birthdays, parties and household tasks. Every year it&#8217;s one to decorate on your own &#8211; but I rarely actually do. In good years I&#8217;ll manage to stick on some photos but that&#8217;s really it.<\/p>\n<p>And then I&#8217;ve been admiring <a href=\"http:\/\/ulkau.blogspot.de\/\">Ulrikes<\/a> calender-art for years&#8230; and this year I&#8217;m finally going to try it out for myself!<\/p>\n","protected":false},"excerpt":{"rendered":"<p>Kennt ihr sowas auch? Ich meine, jedes Jahr kaufe ich einen Terminkalender f\u00fcr&#8217;s Wohnzimmer. Immer einen Fotokalender zum Selbstgestalten. Jedes Jahr nehme ich mir vor, dass da Karten von mir drauf sollen. Hab ich noch nie geschafft. In guten Jahren habe ich tats\u00e4chlich ein paar Fotos aufgeklebt aber oft genug sind die Kalender auch komplett [&hellip;]<\/p>\n","protected":false},"author":2,"featured_media":0,"comment_status":"open","ping_status":"closed","sticky":false,"template":"","format":"standard","meta":{"footnotes":""},"categories":[38,8],"tags":[111],"class_list":["post-4258","post","type-post","status-publish","format-standard","hentry","category-geschichten-ohne-pointe","category-stempel","tag-kalender"],"_links":{"self":[{"href":"https:\/\/www.millefeuille.eu\/index.php?rest_route=\/wp\/v2\/posts\/4258"}],"collection":[{"href":"https:\/\/www.millefeuille.eu\/index.php?rest_route=\/wp\/v2\/posts"}],"about":[{"href":"https:\/\/www.millefeuille.eu\/index.php?rest_route=\/wp\/v2\/types\/post"}],"author":[{"embeddable":true,"href":"https:\/\/www.millefeuille.eu\/index.php?rest_route=\/wp\/v2\/users\/2"}],"replies":[{"embeddable":true,"href":"https:\/\/www.millefeuille.eu\/index.php?rest_route=%2Fwp%2Fv2%2Fcomments&post=4258"}],"version-history":[{"count":3,"href":"https:\/\/www.millefeuille.eu\/index.php?rest_route=\/wp\/v2\/posts\/4258\/revisions"}],"predecessor-version":[{"id":4263,"href":"https:\/\/www.millefeuille.eu\/index.php?rest_route=\/wp\/v2\/posts\/4258\/revisions\/4263"}],"wp:attachment":[{"href":"https:\/\/www.millefeuille.eu\/index.php?rest_route=%2Fwp%2Fv2%2Fmedia&parent=4258"}],"wp:term":[{"taxonomy":"category","embeddable":true,"href":"https:\/\/www.millefeuille.eu\/index.php?rest_route=%2Fwp%2Fv2%2Fcategories&post=4258"},{"taxonomy":"post_tag","embeddable":true,"href":"https:\/\/www.millefeuille.eu\/index.php?rest_route=%2Fwp%2Fv2%2Ftags&post=4258"}],"curies":[{"name":"wp","href":"https:\/\/api.w.org\/{rel}","templated":true}]}}