{"id":435,"date":"2009-09-13T22:04:09","date_gmt":"2009-09-13T20:04:09","guid":{"rendered":"http:\/\/www.millefeuille.eu\/?p=435"},"modified":"2009-09-13T22:04:09","modified_gmt":"2009-09-13T20:04:09","slug":"mekka-2009","status":"publish","type":"post","link":"https:\/\/www.millefeuille.eu\/?p=435","title":{"rendered":"Mekka 2009"},"content":{"rendered":"<p style=\"text-align: justify;\">Der wichtigste Termin f\u00fcr dieses Wochenende stand schon ganz lange im Kalender: es war Stempelmekka! So habe ich also Samstag und Sonntag die Reise nach Hagen angetreten. Am Samstag mit einer Kollegin zusammen, die ich mit meinem Stempelfieber ein bisschen angesteckt habe und am Sonntag um Heidi am Stand von <a href=\"http:\/\/www.acapella-stempel.de\/\" target=\"_blank\">a capella<\/a> zu unterst\u00fctzen &#8211; und noch ein wenig weiterzushoppen nat\u00fcrlich&#8230;<\/p>\n<p style=\"text-align: justify;\">Sehr schade fand ich, dass einige bekannte Firmen in diesem Jahr nicht dabei waren. Richtig viel Neues habe ich auch nicht gesehen, aber ich bekomme die Neuigkeiten ja meistens erst dann mit, wenn sie nicht mehr so neu sind&#8230; So habe ich gestern auch meine ersten Flaschen mit glitzernder Spr\u00fchfarbe erstanden &#8211; im Ausverkauf bei der <a href=\"http:\/\/www.stempelbar.de\/\" target=\"_blank\">Stempelbar<\/a>!<\/p>\n<p style=\"text-align: justify;\">Besonders sch\u00f6n war f\u00fcr mich, dass die Aussteller und ihre Hilfskr\u00e4fte schon ein bisschen fr\u00fcher in die Halle d\u00fcrfen &#8211; ganz in Ruhe gucken zu k\u00f6nnen ist echter Luxus!<\/p>\n<p style=\"text-align: justify;\"><img loading=\"lazy\" decoding=\"async\" class=\"aligncenter size-full wp-image-436\" title=\"leere Halle\" src=\"http:\/\/www.millefeuille.eu\/wp-content\/uploads\/2009\/09\/leere-Halle.JPG\" alt=\"leere Halle\" width=\"430\" height=\"242\" srcset=\"https:\/\/www.millefeuille.eu\/millefeuille-blog\/wp-content\/uploads\/2009\/09\/leere-Halle.JPG 430w, https:\/\/www.millefeuille.eu\/millefeuille-blog\/wp-content\/uploads\/2009\/09\/leere-Halle-300x168.jpg 300w\" sizes=\"(max-width: 430px) 100vw, 430px\" \/><\/p>\n<p style=\"text-align: justify;\">So leer sieht man die Halle nur ganz, ganz selten.<\/p>\n<p style=\"text-align: justify;\"><img loading=\"lazy\" decoding=\"async\" class=\"aligncenter size-full wp-image-437\" title=\"acapellastand\" src=\"http:\/\/www.millefeuille.eu\/wp-content\/uploads\/2009\/09\/acapellastand.JPG\" alt=\"acapellastand\" width=\"430\" height=\"295\" srcset=\"https:\/\/www.millefeuille.eu\/millefeuille-blog\/wp-content\/uploads\/2009\/09\/acapellastand.JPG 430w, https:\/\/www.millefeuille.eu\/millefeuille-blog\/wp-content\/uploads\/2009\/09\/acapellastand-300x205.jpg 300w\" sizes=\"(max-width: 430px) 100vw, 430px\" \/><\/p>\n<p style=\"text-align: justify;\">Am a capella-Stand herrschte am Samstag riesiger Andrang &#8211; so freie Sicht hatte man da nicht!<\/p>\n<p style=\"text-align: justify;\">Es war richtig sch\u00f6n, schon beim Betreten der Stadthalle viele bekannte Gesichter zu sehen &#8211; ganz besonders auch ein paar, die es nicht zum Medina geschafft hatten. Am Samstagnachmittag fand auf der Treppe dann noch das offizielle <a href=\"http:\/\/gibgummi.blogger.de\/\" target=\"_blank\">gibgummi<\/a>-Mailingliste-Treffen statt. Dort wurden unter anderem ATCs getauscht, was das Zeug hielt. Ich hatte bl\u00f6derweise keine dabei &#8211; und wurde entsprechend w\u00fcst daf\u00fcr beschimpft&#8230; Der gute Wille war ja da, allein mein innerer Schweinhund war st\u00e4rker &#8211; leider.<\/p>\n<p style=\"text-align: justify;\"><img loading=\"lazy\" decoding=\"async\" class=\"aligncenter size-full wp-image-438\" title=\"gibgummi 3\" src=\"http:\/\/www.millefeuille.eu\/wp-content\/uploads\/2009\/09\/gibgummi-3.JPG\" alt=\"gibgummi 3\" width=\"430\" height=\"242\" srcset=\"https:\/\/www.millefeuille.eu\/millefeuille-blog\/wp-content\/uploads\/2009\/09\/gibgummi-3.JPG 430w, https:\/\/www.millefeuille.eu\/millefeuille-blog\/wp-content\/uploads\/2009\/09\/gibgummi-3-300x168.jpg 300w\" sizes=\"(max-width: 430px) 100vw, 430px\" \/><\/p>\n<p style=\"text-align: justify;\"><img loading=\"lazy\" decoding=\"async\" class=\"alignleft size-full wp-image-439\" title=\"gibgummi 2\" src=\"http:\/\/www.millefeuille.eu\/wp-content\/uploads\/2009\/09\/gibgummi-2.JPG\" alt=\"gibgummi 2\" width=\"210\" height=\"191\" \/> <img loading=\"lazy\" decoding=\"async\" class=\"size-full wp-image-440 alignright\" title=\"gibgummi 4\" src=\"http:\/\/www.millefeuille.eu\/wp-content\/uploads\/2009\/09\/gibgummi-4.JPG\" alt=\"gibgummi 4\" width=\"210\" height=\"191\" \/><\/p>\n<p style=\"text-align: justify;\">\n<p style=\"text-align: justify;\">\n<p style=\"text-align: justify;\">\n<p style=\"text-align: justify;\">\n<p style=\"text-align: justify;\">\n<p style=\"text-align: justify;\">\n<p style=\"text-align: justify;\">\n<p style=\"text-align: justify;\">\n<p style=\"text-align: justify;\">\n<p style=\"text-align: justify;\">\n<p style=\"text-align: justify;\">\n<p style=\"text-align: justify;\">\n<p style=\"text-align: justify;\">\n<p style=\"text-align: justify;\">\n<p style=\"text-align: justify;\">\n<p style=\"text-align: justify;\">\n<p style=\"text-align: justify;\">\n<p style=\"text-align: justify;\">\n<p style=\"text-align: justify;\">\n<p style=\"text-align: justify;\">\n<p style=\"text-align: justify;\">Am Samstag war f\u00fcr mich gegen 15.30 Uhr schluss, da ich abends noch zum Kino verabredet war. Und am Sonntagmorgen w\u00fcrde ich ja noch reichlich Zeit haben, alle St\u00e4nde heimzusuchen, denen ich noch nicht so viel Zeit widmen konnte. Dachte ich! Blo\u00df hatte ich die Vollsperrung der A 40 am Sonntag nicht auf dem Plan. Statt entspannt um 10 Uhr war ich v\u00f6llig entnervt erst um 10 Uhr 55 in der Halle, lag damit aber immerhin noch fast 10 Minuten vor Heidi &#8211; und die hatte im Gegensatz zu mir das Wechselgeld f\u00fcr den Stand im Gep\u00e4ck! Nach dieser ersten Aufregung entspannte sich die Lage aber schnell wieder: der Sonntag ist vom Besucheraufkommen der deutlich ruhigere der beiden Tage.<\/p>\n<p style=\"text-align: justify;\"><img loading=\"lazy\" decoding=\"async\" class=\"alignleft size-full wp-image-447\" title=\"Beispielkarten 1\" src=\"http:\/\/www.millefeuille.eu\/wp-content\/uploads\/2009\/09\/Beispielkarten-11.JPG\" alt=\"Beispielkarten 1\" width=\"210\" height=\"212\" srcset=\"https:\/\/www.millefeuille.eu\/millefeuille-blog\/wp-content\/uploads\/2009\/09\/Beispielkarten-11.JPG 210w, https:\/\/www.millefeuille.eu\/millefeuille-blog\/wp-content\/uploads\/2009\/09\/Beispielkarten-11-150x150.jpg 150w\" sizes=\"(max-width: 210px) 100vw, 210px\" \/><\/p>\n<p style=\"text-align: justify;\"><img loading=\"lazy\" decoding=\"async\" class=\"alignright size-full wp-image-448\" title=\"Beispielkarten 2\" src=\"http:\/\/www.millefeuille.eu\/wp-content\/uploads\/2009\/09\/Beispielkarten-21.JPG\" alt=\"Beispielkarten 2\" width=\"210\" height=\"212\" srcset=\"https:\/\/www.millefeuille.eu\/millefeuille-blog\/wp-content\/uploads\/2009\/09\/Beispielkarten-21.JPG 210w, https:\/\/www.millefeuille.eu\/millefeuille-blog\/wp-content\/uploads\/2009\/09\/Beispielkarten-21-150x150.jpg 150w\" sizes=\"(max-width: 210px) 100vw, 210px\" \/><\/p>\n<p style=\"text-align: justify;\">\n<p style=\"text-align: justify;\">\n<p style=\"text-align: justify;\">\n<p style=\"text-align: justify;\">\n<p style=\"text-align: justify;\">\n<p style=\"text-align: justify;\">\n<p style=\"text-align: justify;\">\n<p style=\"text-align: justify;\">\n<p style=\"text-align: justify;\">\n<p style=\"text-align: justify;\">\n<p style=\"text-align: justify;\">\n<p style=\"text-align: justify;\">\n<p style=\"text-align: justify;\">\n<p style=\"text-align: justify;\">\n<p style=\"text-align: justify;\">Ein paar Beispielkarten von a capella. Besonders das Tannenbaummotiv war hei\u00df begehrt!<\/p>\n<p style=\"text-align: justify;\">Wie viele andere konnte auch ich mich bei den vielen sch\u00f6nen Weihnachtsmotiven nur schwer zur\u00fcckhalten. Mal sehen, ob es hilft und ich die Karten dieses Jahr p\u00fcnktlich und in ausreichender Menge fertigbekomme? W\u00e4hrend ich am Samstag noch sehr gut in meinem Budget geblieben bin, wurde es Sonntag doch noch einmal teuer: die Motive von Michael de Meng haben es mir sehr angetan &#8211; und die gibt es nunmal nur montiert. Und ein paar EZ-Mounts von Tim Holtz mussten auch noch mit, leider auch nicht gerade billig &#8211; aber sooo sch\u00f6n!<\/p>\n<p style=\"text-align: justify;\"><img loading=\"lazy\" decoding=\"async\" class=\"aligncenter size-full wp-image-451\" title=\"P1010199\" src=\"http:\/\/www.millefeuille.eu\/wp-content\/uploads\/2009\/09\/P1010199.JPG\" alt=\"P1010199\" width=\"430\" height=\"242\" srcset=\"https:\/\/www.millefeuille.eu\/millefeuille-blog\/wp-content\/uploads\/2009\/09\/P1010199.JPG 430w, https:\/\/www.millefeuille.eu\/millefeuille-blog\/wp-content\/uploads\/2009\/09\/P1010199-300x168.jpg 300w\" sizes=\"(max-width: 430px) 100vw, 430px\" \/><\/p>\n<p style=\"text-align: justify;\">\n<p style=\"text-align: justify;\">\n<p style=\"text-align: justify;\">\n<p style=\"text-align: justify;\">\n<p style=\"text-align: justify;\">Das Wochenende war damit zwar ordentlich vollgepackt, aber ich m\u00f6chte inzwischen keinen der beiden Mekkatage mehr missen: jede Menge Leute treffen am Samstag und ganz in Ruhe St\u00e4nde gucken am Sonntag. Und im April in <a href=\"http:\/\/www.artspecially.nl\/?cat=8\" target=\"_blank\">Zeist<\/a> ist a capella voraussichtlich auch mit von der Partie!<\/p>\n","protected":false},"excerpt":{"rendered":"<p>Der wichtigste Termin f\u00fcr dieses Wochenende stand schon ganz lange im Kalender: es war Stempelmekka! So habe ich also Samstag und Sonntag die Reise nach Hagen angetreten. Am Samstag mit einer Kollegin zusammen, die ich mit meinem Stempelfieber ein bisschen angesteckt habe und am Sonntag um Heidi am Stand von a capella zu unterst\u00fctzen &#8211; [&hellip;]<\/p>\n","protected":false},"author":2,"featured_media":0,"comment_status":"open","ping_status":"open","sticky":false,"template":"","format":"standard","meta":{"footnotes":""},"categories":[8],"tags":[37],"class_list":["post-435","post","type-post","status-publish","format-standard","hentry","category-stempel","tag-pilgerstatten"],"_links":{"self":[{"href":"https:\/\/www.millefeuille.eu\/index.php?rest_route=\/wp\/v2\/posts\/435"}],"collection":[{"href":"https:\/\/www.millefeuille.eu\/index.php?rest_route=\/wp\/v2\/posts"}],"about":[{"href":"https:\/\/www.millefeuille.eu\/index.php?rest_route=\/wp\/v2\/types\/post"}],"author":[{"embeddable":true,"href":"https:\/\/www.millefeuille.eu\/index.php?rest_route=\/wp\/v2\/users\/2"}],"replies":[{"embeddable":true,"href":"https:\/\/www.millefeuille.eu\/index.php?rest_route=%2Fwp%2Fv2%2Fcomments&post=435"}],"version-history":[{"count":18,"href":"https:\/\/www.millefeuille.eu\/index.php?rest_route=\/wp\/v2\/posts\/435\/revisions"}],"predecessor-version":[{"id":463,"href":"https:\/\/www.millefeuille.eu\/index.php?rest_route=\/wp\/v2\/posts\/435\/revisions\/463"}],"wp:attachment":[{"href":"https:\/\/www.millefeuille.eu\/index.php?rest_route=%2Fwp%2Fv2%2Fmedia&parent=435"}],"wp:term":[{"taxonomy":"category","embeddable":true,"href":"https:\/\/www.millefeuille.eu\/index.php?rest_route=%2Fwp%2Fv2%2Fcategories&post=435"},{"taxonomy":"post_tag","embeddable":true,"href":"https:\/\/www.millefeuille.eu\/index.php?rest_route=%2Fwp%2Fv2%2Ftags&post=435"}],"curies":[{"name":"wp","href":"https:\/\/api.w.org\/{rel}","templated":true}]}}