{"id":758,"date":"2010-03-15T21:33:29","date_gmt":"2010-03-15T19:33:29","guid":{"rendered":"http:\/\/www.millefeuille.eu\/?p=758"},"modified":"2010-03-16T22:47:12","modified_gmt":"2010-03-16T20:47:12","slug":"medina","status":"publish","type":"post","link":"https:\/\/www.millefeuille.eu\/?p=758","title":{"rendered":"Medina"},"content":{"rendered":"<p><img loading=\"lazy\" decoding=\"async\" class=\"aligncenter size-full wp-image-759\" title=\"Medina 2010\" src=\"http:\/\/www.millefeuille.eu\/wp-content\/uploads\/2010\/03\/Medina-2010.jpg\" alt=\"Medina 2010\" width=\"430\" height=\"593\" srcset=\"https:\/\/www.millefeuille.eu\/millefeuille-blog\/wp-content\/uploads\/2010\/03\/Medina-2010.jpg 430w, https:\/\/www.millefeuille.eu\/millefeuille-blog\/wp-content\/uploads\/2010\/03\/Medina-2010-217x300.jpg 217w\" sizes=\"(max-width: 430px) 100vw, 430px\" \/><\/p>\n<p><!-- \t\t@page { margin: 2cm } \t\tP { margin-bottom: 0.21cm } --><\/p>\n<p style=\"margin-bottom: 0cm; line-height: 150%;\" align=\"JUSTIFY\"><span style=\"font-family: Arial,sans-serif;\"><span style=\"font-size: small;\">Meine G\u00fcte, die Zeit fliegt mal wieder geradewegs an mir vorbei! Aber ein bisschen m\u00f6chte ich doch noch berichten, vom letzten Medina. Auch wenn es schon wieder fast zehn Tage zur\u00fcckliegt.<\/span><\/span><\/p>\n<p style=\"margin-bottom: 0.14cm; line-height: 150%;\" align=\"JUSTIFY\"><span style=\"font-family: Arial,sans-serif;\"><span style=\"font-size: small;\">Am vorletzten Wochenende von Donnerstag bis Freitag fand dieses wunderbare allhalbj\u00e4hrliche Treffen im Haus Einschlingen in Bielefeld statt. Den Namen Medina hat der Organisator meiner Erinnerung nach seinerzeit als Gegenpol zum kommerziellen Mekka gew\u00e4hlt, das im September in Hagen stattfindet (richtig so, Nordb\u00e4r?). Was nicht hei\u00dfen soll, dass nicht die eine oder andere auch beim Medina in Kaufrausch verf\u00e4llt *h\u00fcstel* \u2026 Aber eigentlich geht es in Bielefeld darum, Gleichgesinnte zu treffen, sich \u00fcber unser gemeinsames Hobby auszutauschen und nat\u00fcrlich darum, zu stempeln bis das Gummi raucht. <\/span><\/span><\/p>\n<p style=\"margin-bottom: 0.14cm; line-height: 150%;\" align=\"JUSTIFY\"><span style=\"font-family: Arial,sans-serif;\"><span style=\"font-size: small;\">Erstaunlicherweise gibt es auch immer mal wieder Stempler, die sich von ihren teuer erworbenen und gut geh\u00fcteten Sch\u00e4tzen trennen wollen und so waren auch dieses Mal wieder reichlich Verkaufskisten aufgestellt. Mir hatte es dabei besonders eine Kiste angetan, in der sich einige Motive von <a href=\"http:\/\/americanartstamp.net\/cart\/index.php?main_page=index&amp;cPath=11&amp;zenid=1c8e43bbc42892d62536eedc49caa097\" target=\"_blank\">Ken Brown<\/a> fanden, dessen (50er Jahre? 60er Jahre?) Stil ich schon immer besonders gern mochte. In einer anderen Schachtel fand sich gar ein Loriot-Motiv! F\u00fcr diese Rarit\u00e4ten zahlt man ja bei Ebay heutzutage ein Verm\u00f6gen\u2026 trotzdem habe ich ihn eingetauscht, gegen ein altes <a href=\"http:\/\/www.zettiology.com\/\" target=\"_blank\">Zetti<\/a>motiv, dem ich schon seit Jahren vergeblich hinterhergeschmachtet habe \u2013 nicht mehr zu kriegen. Aber jetzt ist es meins! Danke nochmal, Heidi.<\/span><\/span><\/p>\n<p style=\"margin-bottom: 0.14cm; line-height: 150%;\" align=\"JUSTIFY\"><span style=\"font-family: Arial,sans-serif;\"><span style=\"font-size: small;\">Ein paar H\u00e4ndler waren auch vor Ort: <a href=\"http:\/\/www.stempelbar.de\/\" target=\"_blank\">Stempelbar<\/a>, <a href=\"http:\/\/www.stempelmine.de\/\" target=\"_blank\">Stempelmine<\/a>, <a href=\"http:\/\/www.stempelei.de\/\" target=\"_blank\">StempelEi<\/a>, Bastelw\u00fctig und nat\u00fcrlich <a href=\"http:\/\/www.acapella-stempel.de\/\" target=\"_blank\">Acapella<\/a>. So war neben neuen Gummis auch die Versorgung mit notwendigen anderen Materialien jederzeit sichergestellt. Unter anderem habe ich mir eine brandneue Platte mit nicht-so-riesigen Motiven von Tim Holtz zugelegt und einen total genialen Pusteblumen-Rahmen-Stempel von Hero Arts. Hero Arts fand ich bisher meistens furchtbar teuer, aber neuerdings gibt es sogenannte \u201eclings\u201c, also auf EZ-Mount vormontierte Gummis ohne Klotz und die halten sich echt im Rahmen.<\/span><\/span><\/p>\n<p style=\"margin-bottom: 0.14cm; line-height: 150%;\" align=\"JUSTIFY\"><span style=\"font-family: Arial,sans-serif;\"><span style=\"font-size: small;\">Am Freitag haben wir mit einer kleineren Gruppe einen Ausflug in den nahegelegenen Tierpark <a href=\"http:\/\/www.bielefeld.de\/de\/un\/tpo\/\" target=\"_blank\">Olderdissen<\/a> gemacht, auch schon eine liebgewonnene Tradition. Einigen Tieren war es offenbar noch zu kalt, die B\u00e4ren jedenfalls lie\u00dfen sich gar nicht blicken. Aber die Silberf\u00fcchse waren daf\u00fcr ein echtes Highlight: sowas von putzig und quirlig, die h\u00e4tten geradewegs aus einem Disneyfilm entsprungen sein k\u00f6nnen. Und dann war da noch so ein knuddeliger Fischotter\u2026 kann man die eigentlich als Haustier halten? Auf dem Balkon vielleicht? Niiiiiedlich! Leider war mein Kamera-Akku leer und das Ladeger\u00e4t lag zu Hause. Tja, selber schuld.<\/span><\/span><\/p>\n<p style=\"margin-bottom: 0.14cm; line-height: 150%;\" align=\"JUSTIFY\"><span style=\"font-family: Arial,sans-serif;\"><span style=\"font-size: small;\"><img loading=\"lazy\" decoding=\"async\" class=\"aligncenter size-full wp-image-766\" title=\"Einschlingen\" src=\"http:\/\/www.millefeuille.eu\/wp-content\/uploads\/2010\/03\/Einschlingen2.JPG\" alt=\"Einschlingen\" width=\"430\" height=\"242\" srcset=\"https:\/\/www.millefeuille.eu\/millefeuille-blog\/wp-content\/uploads\/2010\/03\/Einschlingen2.JPG 430w, https:\/\/www.millefeuille.eu\/millefeuille-blog\/wp-content\/uploads\/2010\/03\/Einschlingen2-300x168.jpg 300w\" sizes=\"(max-width: 430px) 100vw, 430px\" \/><br \/>\n<\/span><\/span><\/p>\n<p style=\"margin-bottom: 0.14cm; line-height: 150%;\" align=\"JUSTIFY\"><span style=\"font-family: Arial,sans-serif;\"><span style=\"font-size: small;\">Am Samstag konnten wir das Haus Einschlingen dann im Schnee bewundern: 15-20 cm wei\u00dfe Pracht hatte es in der Nacht gegeben. Das alles in idyllischer Lage direkt am Waldrand und bei strahlend blauem Himmel. Schon sch\u00f6n. Nur Fr\u00fchling ist noch sch\u00f6ner.<\/span><\/span><\/p>\n<p style=\"margin-bottom: 0.14cm; line-height: 150%;\" align=\"JUSTIFY\"><span style=\"font-family: Arial,sans-serif;\"><span style=\"font-size: small;\">Achja, gestempelt wurde auch. Echt. In einer kleinen Runde haben wir einen ganz besonderen ATC-Tausch gemacht, dessen Ergebnisse ich aus Gr\u00fcnden des Jugendschutzes hier leider nicht zeigen kann. Aber ich kann euch die verschiedenen Arbeitstitel f\u00fcr die Tauschrunde sagen: \u201eSchweinkram\u201c, \u201eFSK 18\u201c, \u201eL\u00fcmmelparade\u201c oder auch \u201enach 22 Uhr\u201c \u2013 noch Fragen? Es reichte \u00fcbrigens in Einzelf\u00e4llen schon aus nur in der N\u00e4he der Teilnehmer zu sitzen um mit ihnen in einen Topf geworfen zu werden. Hoffentlich will im Sommer noch jemand neben uns sitzen! Mit den sch\u00f6nen <a href=\"https:\/\/shop.moses-verlag.de\/erwachsene\/ruhr-gut.html?p=3\" target=\"_blank\">Ruhrgebietsmotiven<\/a> von Moses habe ich auch endlich ein bisschen gespielt und ein paar andere Neuheiten gleich eingeweiht.<br \/>\n<\/span><\/span><\/p>\n<p style=\"margin-bottom: 0.14cm; line-height: 150%;\" align=\"JUSTIFY\"><span style=\"font-family: Arial,sans-serif;\"><span style=\"font-size: small;\">Workshops gab es dieses Mal leider gar nicht &#8211; aber wer selbst nichts anbietet, darf sich auch nicht beschweren, wenn&#8217;s auch kein anderer tut.<br \/>\n<\/span><\/span><\/p>\n<p style=\"margin-bottom: 0.14cm; line-height: 150%;\" align=\"JUSTIFY\"><span style=\"font-family: Arial,sans-serif;\"><span style=\"font-size: small;\">Und wie immer war alles wieder viel zu schnell vorbei. Aber es gibt ja einen kleinen Trost: nur noch 161 Tage bis zum Sommermedina!<\/span><\/span><\/p>\n","protected":false},"excerpt":{"rendered":"<p>Meine G\u00fcte, die Zeit fliegt mal wieder geradewegs an mir vorbei! Aber ein bisschen m\u00f6chte ich doch noch berichten, vom letzten Medina. Auch wenn es schon wieder fast zehn Tage zur\u00fcckliegt. Am vorletzten Wochenende von Donnerstag bis Freitag fand dieses wunderbare allhalbj\u00e4hrliche Treffen im Haus Einschlingen in Bielefeld statt. Den Namen Medina hat der Organisator [&hellip;]<\/p>\n","protected":false},"author":2,"featured_media":0,"comment_status":"open","ping_status":"open","sticky":false,"template":"","format":"standard","meta":{"footnotes":""},"categories":[38,8],"tags":[37,20],"class_list":["post-758","post","type-post","status-publish","format-standard","hentry","category-geschichten-ohne-pointe","category-stempel","tag-pilgerstatten","tag-privat-blabla"],"_links":{"self":[{"href":"https:\/\/www.millefeuille.eu\/index.php?rest_route=\/wp\/v2\/posts\/758"}],"collection":[{"href":"https:\/\/www.millefeuille.eu\/index.php?rest_route=\/wp\/v2\/posts"}],"about":[{"href":"https:\/\/www.millefeuille.eu\/index.php?rest_route=\/wp\/v2\/types\/post"}],"author":[{"embeddable":true,"href":"https:\/\/www.millefeuille.eu\/index.php?rest_route=\/wp\/v2\/users\/2"}],"replies":[{"embeddable":true,"href":"https:\/\/www.millefeuille.eu\/index.php?rest_route=%2Fwp%2Fv2%2Fcomments&post=758"}],"version-history":[{"count":2,"href":"https:\/\/www.millefeuille.eu\/index.php?rest_route=\/wp\/v2\/posts\/758\/revisions"}],"predecessor-version":[{"id":767,"href":"https:\/\/www.millefeuille.eu\/index.php?rest_route=\/wp\/v2\/posts\/758\/revisions\/767"}],"wp:attachment":[{"href":"https:\/\/www.millefeuille.eu\/index.php?rest_route=%2Fwp%2Fv2%2Fmedia&parent=758"}],"wp:term":[{"taxonomy":"category","embeddable":true,"href":"https:\/\/www.millefeuille.eu\/index.php?rest_route=%2Fwp%2Fv2%2Fcategories&post=758"},{"taxonomy":"post_tag","embeddable":true,"href":"https:\/\/www.millefeuille.eu\/index.php?rest_route=%2Fwp%2Fv2%2Ftags&post=758"}],"curies":[{"name":"wp","href":"https:\/\/api.w.org\/{rel}","templated":true}]}}