{"id":793,"date":"2010-04-07T22:45:28","date_gmt":"2010-04-07T20:45:28","guid":{"rendered":"http:\/\/www.millefeuille.eu\/?p=793"},"modified":"2010-04-11T21:22:28","modified_gmt":"2010-04-11T19:22:28","slug":"pollenflug","status":"publish","type":"post","link":"https:\/\/www.millefeuille.eu\/?p=793","title":{"rendered":"Pollenflug"},"content":{"rendered":"<p style=\"text-align: justify;\">Nachdem mein ganzes Stempelzeug letzte Woche wegen der letzten Malerarbeiten verpackt war, habe ich es heute endlich mal wieder an meinen (aufger\u00e4umten!) Schreibtisch geschafft. Zwar nur f\u00fcr ein ATC, aber das kommt gleich doppelt zum Einsatz: bei <a href=\"http:\/\/tmta.wordpress.com\/2010\/04\/05\/die-natur-erwacht-nature%c2%b4s-awakening\/\" target=\"_blank\">Think Monday &#8211; Think ATC<\/a> ist das Thema &#8222;Fr\u00fchlingserwachen&#8220; und bei den <a href=\"http:\/\/wednesdaystamper.wordpress.com\/2010\/04\/07\/trees-2\/\" target=\"_blank\">Mittwochsstemplern<\/a> sind &#8222;B\u00e4ume&#8220; gefragt.<\/p>\n<p style=\"text-align: justify;\"><img loading=\"lazy\" decoding=\"async\" class=\"aligncenter size-full wp-image-794\" title=\"P1010783\" src=\"http:\/\/www.millefeuille.eu\/wp-content\/uploads\/2010\/04\/P1010783.JPG\" alt=\"P1010783\" width=\"430\" height=\"592\" srcset=\"https:\/\/www.millefeuille.eu\/millefeuille-blog\/wp-content\/uploads\/2010\/04\/P1010783.JPG 430w, https:\/\/www.millefeuille.eu\/millefeuille-blog\/wp-content\/uploads\/2010\/04\/P1010783-217x300.jpg 217w\" sizes=\"(max-width: 430px) 100vw, 430px\" \/><\/p>\n<p style=\"text-align: justify;\">Last week I had to pack up all my stamping stuff as the last paintworks took place. But today I finally made it to my (tidy!) desk again. Just for an ATC, but this one goes to play for two challenges at once: &#8222;nature&#8217;s awakening&#8220; is the current subject at <a href=\"http:\/\/tmta.wordpress.com\/2010\/04\/05\/die-natur-erwacht-nature%c2%b4s-awakening\/\" target=\"_blank\">Think Monday &#8211; Think ATC<\/a> and the <a href=\"http:\/\/wednesdaystamper.wordpress.com\/2010\/04\/07\/trees-2\/\" target=\"_blank\">wednesdaystampers<\/a> have asked for &#8222;trees&#8220;.<\/p>\n","protected":false},"excerpt":{"rendered":"<p>Nachdem mein ganzes Stempelzeug letzte Woche wegen der letzten Malerarbeiten verpackt war, habe ich es heute endlich mal wieder an meinen (aufger\u00e4umten!) Schreibtisch geschafft. Zwar nur f\u00fcr ein ATC, aber das kommt gleich doppelt zum Einsatz: bei Think Monday &#8211; Think ATC ist das Thema &#8222;Fr\u00fchlingserwachen&#8220; und bei den Mittwochsstemplern sind &#8222;B\u00e4ume&#8220; gefragt. Last week [&hellip;]<\/p>\n","protected":false},"author":2,"featured_media":0,"comment_status":"open","ping_status":"open","sticky":false,"template":"","format":"standard","meta":{"footnotes":""},"categories":[6,8],"tags":[24,20,30,17],"class_list":["post-793","post","type-post","status-publish","format-standard","hentry","category-challenges","category-stempel","tag-atc","tag-privat-blabla","tag-tmta","tag-wednesdaystamper"],"_links":{"self":[{"href":"https:\/\/www.millefeuille.eu\/index.php?rest_route=\/wp\/v2\/posts\/793"}],"collection":[{"href":"https:\/\/www.millefeuille.eu\/index.php?rest_route=\/wp\/v2\/posts"}],"about":[{"href":"https:\/\/www.millefeuille.eu\/index.php?rest_route=\/wp\/v2\/types\/post"}],"author":[{"embeddable":true,"href":"https:\/\/www.millefeuille.eu\/index.php?rest_route=\/wp\/v2\/users\/2"}],"replies":[{"embeddable":true,"href":"https:\/\/www.millefeuille.eu\/index.php?rest_route=%2Fwp%2Fv2%2Fcomments&post=793"}],"version-history":[{"count":3,"href":"https:\/\/www.millefeuille.eu\/index.php?rest_route=\/wp\/v2\/posts\/793\/revisions"}],"predecessor-version":[{"id":796,"href":"https:\/\/www.millefeuille.eu\/index.php?rest_route=\/wp\/v2\/posts\/793\/revisions\/796"}],"wp:attachment":[{"href":"https:\/\/www.millefeuille.eu\/index.php?rest_route=%2Fwp%2Fv2%2Fmedia&parent=793"}],"wp:term":[{"taxonomy":"category","embeddable":true,"href":"https:\/\/www.millefeuille.eu\/index.php?rest_route=%2Fwp%2Fv2%2Fcategories&post=793"},{"taxonomy":"post_tag","embeddable":true,"href":"https:\/\/www.millefeuille.eu\/index.php?rest_route=%2Fwp%2Fv2%2Ftags&post=793"}],"curies":[{"name":"wp","href":"https:\/\/api.w.org\/{rel}","templated":true}]}}